{"id":3807,"date":"2024-05-23T16:58:00","date_gmt":"2024-05-23T14:58:00","guid":{"rendered":"http:\/\/www.lalogetheleme.fr\/demo\/?p=3807"},"modified":"2024-05-24T08:49:23","modified_gmt":"2024-05-24T06:49:23","slug":"commis-cuisine-la-scene-theleme","status":"publish","type":"post","link":"https:\/\/www.lascenetheleme.fr\/en\/commis-cuisine-la-scene-theleme\/","title":{"rendered":"La Sc\u00e8ne Th\u00e9l\u00e8me recrute un commis de cuisine (H\/F)"},"content":{"rendered":"\n<h3 class=\"wp-block-heading\">La Sc\u00e8ne Th\u00e9l\u00e8me recrute un commis de cuisine pour compl\u00e9ter la brigade de son restaurant \u00e9toil\u00e9.<\/h3>\n\n\n\n<figure class=\"wp-block-image size-full\"><img loading=\"lazy\" decoding=\"async\" width=\"440\" height=\"661\" src=\"https:\/\/www.lascenetheleme.fr\/wp-content\/uploads\/2024\/05\/2-1.jpg\" alt=\"\" class=\"wp-image-5083\" srcset=\"https:\/\/www.lascenetheleme.fr\/wp-content\/uploads\/2024\/05\/2-1.jpg 440w, https:\/\/www.lascenetheleme.fr\/wp-content\/uploads\/2024\/05\/2-1-200x300.jpg 200w\" sizes=\"auto, (max-width: 440px) 100vw, 440px\" \/><\/figure>\n\n\n\n<h2 class=\"wp-block-heading\"><strong>COMMIS DE CUISINE (H\/F)<\/strong><\/h2>\n\n\n\n<h4 class=\"wp-block-heading\">Jeune professionnel soigneux et rigoureux, vous respecterez les exigences de qualit\u00e9 d\u00e9finies par le Chef des Cuisines et participerez \u00e0 la pr\u00e9paration des desserts d\u2019un restaurant \u00e9toil\u00e9.<\/h4>\n\n\n\n<h4 class=\"wp-block-heading\"><strong>Type d\u2019emploi<\/strong>&nbsp;: CDI \u00e0 plein temps (39H\/sem) \u2013 salaire x13 mois<br><strong>Horaires de travail<\/strong>&nbsp;: service continu en journ\u00e9e \u2013 3 jours de repos par semaine<br><strong>D\u00e9marrage<\/strong>&nbsp;: juin<br><strong>Candidature \u00e0 transmettre \u00e0&nbsp;Rudy Langlais \u2013&nbsp;<a href=\"mailto:rudy@lascenetheleme.fr\">rudy@lascenetheleme.fr<\/a><\/strong><\/h4>\n","protected":false},"excerpt":{"rendered":"<p>La Sc\u00e8ne Th\u00e9l\u00e8me recrute un commis de cuisine pour compl\u00e9ter la brigade de son restaurant \u00e9toil\u00e9.<\/p>\n","protected":false},"author":1,"featured_media":5054,"comment_status":"closed","ping_status":"closed","sticky":false,"template":"","format":"standard","meta":{"footnotes":""},"categories":[15,12],"tags":[],"class_list":["post-3807","post","type-post","status-publish","format-standard","has-post-thumbnail","hentry","category-jobs","category-news"],"acf":[],"yoast_head":"<!-- This site is optimized with the Yoast SEO plugin v24.3 - https:\/\/yoast.com\/wordpress\/plugins\/seo\/ -->\n<title>La Sc\u00e8ne Th\u00e9l\u00e8me recrute un commis de cuisine (H\/F) &#8226; La Sc\u00e8ne Th\u00e9l\u00e8me<\/title>\n<meta name=\"robots\" content=\"index, follow, max-snippet:-1, max-image-preview:large, max-video-preview:-1\" \/>\n<link rel=\"canonical\" href=\"https:\/\/www.lascenetheleme.fr\/en\/commis-cuisine-la-scene-theleme\/\" \/>\n<meta property=\"og:locale\" content=\"en_GB\" \/>\n<meta property=\"og:type\" content=\"article\" \/>\n<meta property=\"og:title\" content=\"La Sc\u00e8ne Th\u00e9l\u00e8me recrute un commis de cuisine (H\/F) &#8226; La Sc\u00e8ne Th\u00e9l\u00e8me\" \/>\n<meta property=\"og:url\" content=\"https:\/\/www.lascenetheleme.fr\/en\/commis-cuisine-la-scene-theleme\/\" \/>\n<meta property=\"og:site_name\" content=\"La Sc\u00e8ne Th\u00e9l\u00e8me\" \/>\n<meta property=\"article:publisher\" content=\"https:\/\/www.facebook.com\/lascenetheleme\" \/>\n<meta property=\"article:published_time\" content=\"2024-05-23T14:58:00+00:00\" \/>\n<meta property=\"article:modified_time\" content=\"2024-05-24T06:49:23+00:00\" \/>\n<meta property=\"og:image\" content=\"https:\/\/www.lascenetheleme.fr\/wp-content\/uploads\/2024\/05\/rudylanglais-large.jpg\" \/>\n\t<meta property=\"og:image:width\" content=\"1200\" \/>\n\t<meta property=\"og:image:height\" content=\"575\" \/>\n\t<meta property=\"og:image:type\" content=\"image\/jpeg\" \/>\n<meta name=\"author\" content=\"La Team Th\u00e9l\u00e8me\" \/>\n<meta name=\"twitter:card\" content=\"summary_large_image\" \/>\n<meta name=\"twitter:label1\" content=\"Written by\" \/>\n\t<meta name=\"twitter:data1\" content=\"La Team Th\u00e9l\u00e8me\" \/>\n\t<meta name=\"twitter:label2\" content=\"Estimated reading time\" \/>\n\t<meta name=\"twitter:data2\" content=\"1 minute\" \/>\n<script type=\"application\/ld+json\" class=\"yoast-schema-graph\">{\"@context\":\"https:\/\/schema.org\",\"@graph\":[{\"@type\":\"Article\",\"@id\":\"https:\/\/www.lascenetheleme.fr\/en\/commis-cuisine-la-scene-theleme\/#article\",\"isPartOf\":{\"@id\":\"https:\/\/www.lascenetheleme.fr\/en\/commis-cuisine-la-scene-theleme\/\"},\"author\":{\"name\":\"La Team Th\u00e9l\u00e8me\",\"@id\":\"https:\/\/www.lascenetheleme.fr\/#\/schema\/person\/e0e15d79f577501debe5e4665056659b\"},\"headline\":\"La Sc\u00e8ne Th\u00e9l\u00e8me recrute un commis de cuisine (H\/F)\",\"datePublished\":\"2024-05-23T14:58:00+00:00\",\"dateModified\":\"2024-05-24T06:49:23+00:00\",\"mainEntityOfPage\":{\"@id\":\"https:\/\/www.lascenetheleme.fr\/en\/commis-cuisine-la-scene-theleme\/\"},\"wordCount\":106,\"publisher\":{\"@id\":\"https:\/\/www.lascenetheleme.fr\/#organization\"},\"image\":{\"@id\":\"https:\/\/www.lascenetheleme.fr\/en\/commis-cuisine-la-scene-theleme\/#primaryimage\"},\"thumbnailUrl\":\"https:\/\/www.lascenetheleme.fr\/wp-content\/uploads\/2024\/05\/rudylanglais-large.jpg\",\"articleSection\":[\"Jobs\",\"News\"],\"inLanguage\":\"en-GB\"},{\"@type\":\"WebPage\",\"@id\":\"https:\/\/www.lascenetheleme.fr\/en\/en\/commis-cuisine-la-scene-theleme\/\",\"url\":\"https:\/\/www.lascenetheleme.fr\/en\/en\/commis-cuisine-la-scene-theleme\/\",\"name\":\"La Sc\u00e8ne Th\u00e9l\u00e8me recrute un commis de cuisine (H\/F) &#8226; La Sc\u00e8ne Th\u00e9l\u00e8me\",\"isPartOf\":{\"@id\":\"https:\/\/www.lascenetheleme.fr\/#website\"},\"primaryImageOfPage\":{\"@id\":\"https:\/\/www.lascenetheleme.fr\/en\/commis-cuisine-la-scene-theleme\/#primaryimage\"},\"image\":{\"@id\":\"https:\/\/www.lascenetheleme.fr\/en\/commis-cuisine-la-scene-theleme\/#primaryimage\"},\"thumbnailUrl\":\"https:\/\/www.lascenetheleme.fr\/wp-content\/uploads\/2024\/05\/rudylanglais-large.jpg\",\"datePublished\":\"2024-05-23T14:58:00+00:00\",\"dateModified\":\"2024-05-24T06:49:23+00:00\",\"description\":\"La Sc\u00e8ne Th\u00e9l\u00e8me recrute un commis de cuisine pour compl\u00e9ter la brigade de son restaurant \u00e9toil\u00e9.\",\"breadcrumb\":{\"@id\":\"https:\/\/www.lascenetheleme.fr\/en\/commis-cuisine-la-scene-theleme\/#breadcrumb\"},\"inLanguage\":\"en-GB\",\"potentialAction\":[{\"@type\":\"ReadAction\",\"target\":[\"https:\/\/www.lascenetheleme.fr\/en\/commis-cuisine-la-scene-theleme\/\"]}]},{\"@type\":\"ImageObject\",\"inLanguage\":\"en-GB\",\"@id\":\"https:\/\/www.lascenetheleme.fr\/en\/commis-cuisine-la-scene-theleme\/#primaryimage\",\"url\":\"https:\/\/www.lascenetheleme.fr\/wp-content\/uploads\/2024\/05\/rudylanglais-large.jpg\",\"contentUrl\":\"https:\/\/www.lascenetheleme.fr\/wp-content\/uploads\/2024\/05\/rudylanglais-large.jpg\",\"width\":1200,\"height\":575},{\"@type\":\"BreadcrumbList\",\"@id\":\"https:\/\/www.lascenetheleme.fr\/en\/commis-cuisine-la-scene-theleme\/#breadcrumb\",\"itemListElement\":[{\"@type\":\"ListItem\",\"position\":1,\"name\":\"Homepage\",\"item\":\"https:\/\/www.lascenetheleme.fr\/\"},{\"@type\":\"ListItem\",\"position\":2,\"name\":\"La Sc\u00e8ne Th\u00e9l\u00e8me recrute un commis de cuisine (H\/F)\"}]},{\"@type\":\"WebSite\",\"@id\":\"https:\/\/www.lascenetheleme.fr\/en\/#website\",\"url\":\"https:\/\/www.lascenetheleme.fr\/en\/\",\"name\":\"La Sc\u00e8ne Th\u00e9l\u00e8me\",\"description\":\"\",\"publisher\":{\"@id\":\"https:\/\/www.lascenetheleme.fr\/en\/#organization\"},\"potentialAction\":[{\"@type\":\"SearchAction\",\"target\":{\"@type\":\"EntryPoint\",\"urlTemplate\":\"https:\/\/www.lascenetheleme.fr\/en\/?s={search_term_string}\"},\"query-input\":{\"@type\":\"PropertyValueSpecification\",\"valueRequired\":true,\"valueName\":\"search_term_string\"}}],\"inLanguage\":\"en-GB\"},{\"@type\":\"Organization\",\"@id\":\"https:\/\/www.lascenetheleme.fr\/en\/#organization\",\"name\":\"La Sc\u00e8ne Th\u00e9l\u00e8me\",\"url\":\"https:\/\/www.lascenetheleme.fr\/en\/\",\"logo\":{\"@type\":\"ImageObject\",\"inLanguage\":\"en-GB\",\"@id\":\"https:\/\/www.lascenetheleme.fr\/en\/#\/schema\/logo\/image\/\",\"url\":\"https:\/\/www.lascenetheleme.fr\/wp-content\/uploads\/2022\/09\/picto-thelem.svg\",\"contentUrl\":\"https:\/\/www.lascenetheleme.fr\/wp-content\/uploads\/2022\/09\/picto-thelem.svg\",\"width\":1,\"height\":1,\"caption\":\"La Sc\u00e8ne Th\u00e9l\u00e8me\"},\"image\":{\"@id\":\"https:\/\/www.lascenetheleme.fr\/en\/#\/schema\/logo\/image\/\"},\"sameAs\":[\"https:\/\/www.facebook.com\/lascenetheleme\",\"https:\/\/www.instagram.com\/lascenetheleme\/\",\"https:\/\/www.youtube.com\/channel\/UCbf3sqq557yeXEi24RPp9vg\"]},{\"@type\":\"Person\",\"@id\":\"https:\/\/www.lascenetheleme.fr\/#\/schema\/person\/e0e15d79f577501debe5e4665056659b\",\"name\":\"La Team Th\u00e9l\u00e8me\",\"image\":{\"@type\":\"ImageObject\",\"inLanguage\":\"en-GB\",\"@id\":\"https:\/\/www.lascenetheleme.fr\/#\/schema\/person\/image\/\",\"url\":\"https:\/\/secure.gravatar.com\/avatar\/59d8ac479993d285d671cdd177f3e97f?s=96&d=mm&r=g\",\"contentUrl\":\"https:\/\/secure.gravatar.com\/avatar\/59d8ac479993d285d671cdd177f3e97f?s=96&d=mm&r=g\",\"caption\":\"La Team Th\u00e9l\u00e8me\"},\"sameAs\":[\"https:\/\/php73.dev-rom3.fr\/TLM\"],\"url\":\"https:\/\/www.lascenetheleme.fr\/en\/author\/admin\/\"}]}<\/script>\n<!-- \/ Yoast SEO plugin. -->","yoast_head_json":{"title":"La Sc\u00e8ne Th\u00e9l\u00e8me recrute un commis de cuisine (H\/F) &#8226; La Sc\u00e8ne Th\u00e9l\u00e8me","robots":{"index":"index","follow":"follow","max-snippet":"max-snippet:-1","max-image-preview":"max-image-preview:large","max-video-preview":"max-video-preview:-1"},"canonical":"https:\/\/www.lascenetheleme.fr\/en\/commis-cuisine-la-scene-theleme\/","og_locale":"en_GB","og_type":"article","og_title":"La Sc\u00e8ne Th\u00e9l\u00e8me recrute un commis de cuisine (H\/F) &#8226; La Sc\u00e8ne Th\u00e9l\u00e8me","og_url":"https:\/\/www.lascenetheleme.fr\/en\/commis-cuisine-la-scene-theleme\/","og_site_name":"La Sc\u00e8ne Th\u00e9l\u00e8me","article_publisher":"https:\/\/www.facebook.com\/lascenetheleme","article_published_time":"2024-05-23T14:58:00+00:00","article_modified_time":"2024-05-24T06:49:23+00:00","og_image":[{"width":1200,"height":575,"url":"https:\/\/www.lascenetheleme.fr\/wp-content\/uploads\/2024\/05\/rudylanglais-large.jpg","type":"image\/jpeg"}],"author":"La Team Th\u00e9l\u00e8me","twitter_card":"summary_large_image","twitter_misc":{"Written by":"La Team Th\u00e9l\u00e8me","Estimated reading time":"1 minute"},"schema":{"@context":"https:\/\/schema.org","@graph":[{"@type":"Article","@id":"https:\/\/www.lascenetheleme.fr\/en\/commis-cuisine-la-scene-theleme\/#article","isPartOf":{"@id":"https:\/\/www.lascenetheleme.fr\/en\/commis-cuisine-la-scene-theleme\/"},"author":{"name":"La Team Th\u00e9l\u00e8me","@id":"https:\/\/www.lascenetheleme.fr\/#\/schema\/person\/e0e15d79f577501debe5e4665056659b"},"headline":"La Sc\u00e8ne Th\u00e9l\u00e8me recrute un commis de cuisine (H\/F)","datePublished":"2024-05-23T14:58:00+00:00","dateModified":"2024-05-24T06:49:23+00:00","mainEntityOfPage":{"@id":"https:\/\/www.lascenetheleme.fr\/en\/commis-cuisine-la-scene-theleme\/"},"wordCount":106,"publisher":{"@id":"https:\/\/www.lascenetheleme.fr\/#organization"},"image":{"@id":"https:\/\/www.lascenetheleme.fr\/en\/commis-cuisine-la-scene-theleme\/#primaryimage"},"thumbnailUrl":"https:\/\/www.lascenetheleme.fr\/wp-content\/uploads\/2024\/05\/rudylanglais-large.jpg","articleSection":["Jobs","News"],"inLanguage":"en-GB"},{"@type":"WebPage","@id":"https:\/\/www.lascenetheleme.fr\/en\/en\/commis-cuisine-la-scene-theleme\/","url":"https:\/\/www.lascenetheleme.fr\/en\/en\/commis-cuisine-la-scene-theleme\/","name":"La Sc\u00e8ne Th\u00e9l\u00e8me recrute un commis de cuisine (H\/F) &#8226; La Sc\u00e8ne Th\u00e9l\u00e8me","isPartOf":{"@id":"https:\/\/www.lascenetheleme.fr\/#website"},"primaryImageOfPage":{"@id":"https:\/\/www.lascenetheleme.fr\/en\/commis-cuisine-la-scene-theleme\/#primaryimage"},"image":{"@id":"https:\/\/www.lascenetheleme.fr\/en\/commis-cuisine-la-scene-theleme\/#primaryimage"},"thumbnailUrl":"https:\/\/www.lascenetheleme.fr\/wp-content\/uploads\/2024\/05\/rudylanglais-large.jpg","datePublished":"2024-05-23T14:58:00+00:00","dateModified":"2024-05-24T06:49:23+00:00","description":"La Sc\u00e8ne Th\u00e9l\u00e8me recrute un commis de cuisine pour compl\u00e9ter la brigade de son restaurant \u00e9toil\u00e9.","breadcrumb":{"@id":"https:\/\/www.lascenetheleme.fr\/en\/commis-cuisine-la-scene-theleme\/#breadcrumb"},"inLanguage":"en-GB","potentialAction":[{"@type":"ReadAction","target":["https:\/\/www.lascenetheleme.fr\/en\/commis-cuisine-la-scene-theleme\/"]}]},{"@type":"ImageObject","inLanguage":"en-GB","@id":"https:\/\/www.lascenetheleme.fr\/en\/commis-cuisine-la-scene-theleme\/#primaryimage","url":"https:\/\/www.lascenetheleme.fr\/wp-content\/uploads\/2024\/05\/rudylanglais-large.jpg","contentUrl":"https:\/\/www.lascenetheleme.fr\/wp-content\/uploads\/2024\/05\/rudylanglais-large.jpg","width":1200,"height":575},{"@type":"BreadcrumbList","@id":"https:\/\/www.lascenetheleme.fr\/en\/commis-cuisine-la-scene-theleme\/#breadcrumb","itemListElement":[{"@type":"ListItem","position":1,"name":"Homepage","item":"https:\/\/www.lascenetheleme.fr\/"},{"@type":"ListItem","position":2,"name":"La Sc\u00e8ne Th\u00e9l\u00e8me recrute un commis de cuisine (H\/F)"}]},{"@type":"WebSite","@id":"https:\/\/www.lascenetheleme.fr\/en\/#website","url":"https:\/\/www.lascenetheleme.fr\/en\/","name":"La Sc\u00e8ne Th\u00e9l\u00e8me","description":"","publisher":{"@id":"https:\/\/www.lascenetheleme.fr\/en\/#organization"},"potentialAction":[{"@type":"SearchAction","target":{"@type":"EntryPoint","urlTemplate":"https:\/\/www.lascenetheleme.fr\/en\/?s={search_term_string}"},"query-input":{"@type":"PropertyValueSpecification","valueRequired":true,"valueName":"search_term_string"}}],"inLanguage":"en-GB"},{"@type":"Organization","@id":"https:\/\/www.lascenetheleme.fr\/en\/#organization","name":"La Sc\u00e8ne Th\u00e9l\u00e8me","url":"https:\/\/www.lascenetheleme.fr\/en\/","logo":{"@type":"ImageObject","inLanguage":"en-GB","@id":"https:\/\/www.lascenetheleme.fr\/en\/#\/schema\/logo\/image\/","url":"https:\/\/www.lascenetheleme.fr\/wp-content\/uploads\/2022\/09\/picto-thelem.svg","contentUrl":"https:\/\/www.lascenetheleme.fr\/wp-content\/uploads\/2022\/09\/picto-thelem.svg","width":1,"height":1,"caption":"La Sc\u00e8ne Th\u00e9l\u00e8me"},"image":{"@id":"https:\/\/www.lascenetheleme.fr\/en\/#\/schema\/logo\/image\/"},"sameAs":["https:\/\/www.facebook.com\/lascenetheleme","https:\/\/www.instagram.com\/lascenetheleme\/","https:\/\/www.youtube.com\/channel\/UCbf3sqq557yeXEi24RPp9vg"]},{"@type":"Person","@id":"https:\/\/www.lascenetheleme.fr\/#\/schema\/person\/e0e15d79f577501debe5e4665056659b","name":"La Team Th\u00e9l\u00e8me","image":{"@type":"ImageObject","inLanguage":"en-GB","@id":"https:\/\/www.lascenetheleme.fr\/#\/schema\/person\/image\/","url":"https:\/\/secure.gravatar.com\/avatar\/59d8ac479993d285d671cdd177f3e97f?s=96&d=mm&r=g","contentUrl":"https:\/\/secure.gravatar.com\/avatar\/59d8ac479993d285d671cdd177f3e97f?s=96&d=mm&r=g","caption":"La Team Th\u00e9l\u00e8me"},"sameAs":["https:\/\/php73.dev-rom3.fr\/TLM"],"url":"https:\/\/www.lascenetheleme.fr\/en\/author\/admin\/"}]}},"_links":{"self":[{"href":"https:\/\/www.lascenetheleme.fr\/en\/wp-json\/wp\/v2\/posts\/3807","targetHints":{"allow":["GET"]}}],"collection":[{"href":"https:\/\/www.lascenetheleme.fr\/en\/wp-json\/wp\/v2\/posts"}],"about":[{"href":"https:\/\/www.lascenetheleme.fr\/en\/wp-json\/wp\/v2\/types\/post"}],"author":[{"embeddable":true,"href":"https:\/\/www.lascenetheleme.fr\/en\/wp-json\/wp\/v2\/users\/1"}],"replies":[{"embeddable":true,"href":"https:\/\/www.lascenetheleme.fr\/en\/wp-json\/wp\/v2\/comments?post=3807"}],"version-history":[{"count":10,"href":"https:\/\/www.lascenetheleme.fr\/en\/wp-json\/wp\/v2\/posts\/3807\/revisions"}],"predecessor-version":[{"id":5106,"href":"https:\/\/www.lascenetheleme.fr\/en\/wp-json\/wp\/v2\/posts\/3807\/revisions\/5106"}],"wp:featuredmedia":[{"embeddable":true,"href":"https:\/\/www.lascenetheleme.fr\/en\/wp-json\/wp\/v2\/media\/5054"}],"wp:attachment":[{"href":"https:\/\/www.lascenetheleme.fr\/en\/wp-json\/wp\/v2\/media?parent=3807"}],"wp:term":[{"taxonomy":"category","embeddable":true,"href":"https:\/\/www.lascenetheleme.fr\/en\/wp-json\/wp\/v2\/categories?post=3807"},{"taxonomy":"post_tag","embeddable":true,"href":"https:\/\/www.lascenetheleme.fr\/en\/wp-json\/wp\/v2\/tags?post=3807"}],"curies":[{"name":"wp","href":"https:\/\/api.w.org\/{rel}","templated":true}]}}