{"id":3983,"date":"2022-10-11T17:23:31","date_gmt":"2022-10-11T15:23:31","guid":{"rendered":"http:\/\/www.lalogetheleme.fr\/demo\/?p=3983"},"modified":"2022-10-13T14:06:38","modified_gmt":"2022-10-13T12:06:38","slug":"yoshitaka_takayanagi","status":"publish","type":"post","link":"https:\/\/www.lascenetheleme.fr\/en\/yoshitaka_takayanagi\/","title":{"rendered":"Portrait of Yoshitaka Takayanagi"},"content":{"rendered":"\r\n\r\nYoshitaka Takayanagi has officiated at La Sc\u00e8ne Th\u00e9l\u00e8me since 2019. Explore his background and his inspirations\r\n\r\n\r\n\r\n\r\n<figure class=\"wp-block-image size-large\"><img loading=\"lazy\" decoding=\"async\" width=\"683\" height=\"1024\" class=\"wp-image-262\" src=\"http:\/\/www.lascenetheleme.fr\/wp-content\/uploads\/2022\/07\/scenetheleme-81-683x1024.jpg\" alt=\"Yoshitaka Takayanagi\" srcset=\"https:\/\/www.lascenetheleme.fr\/wp-content\/uploads\/2022\/07\/scenetheleme-81-683x1024.jpg 683w, https:\/\/www.lascenetheleme.fr\/wp-content\/uploads\/2022\/07\/scenetheleme-81-200x300.jpg 200w, https:\/\/www.lascenetheleme.fr\/wp-content\/uploads\/2022\/07\/scenetheleme-81-768x1151.jpg 768w, https:\/\/www.lascenetheleme.fr\/wp-content\/uploads\/2022\/07\/scenetheleme-81-1025x1536.jpg 1025w, https:\/\/www.lascenetheleme.fr\/wp-content\/uploads\/2022\/07\/scenetheleme-81-1366x2048.jpg 1366w, https:\/\/www.lascenetheleme.fr\/wp-content\/uploads\/2022\/07\/scenetheleme-81-scaled.jpg 1708w\" sizes=\"auto, (max-width: 683px) 100vw, 683px\" \/>\r\n<figcaption>\ud83d\udcf8 @lephotographedudimanche<\/figcaption><\/figure>\r\n\r\n\r\n\r\n<h3 class=\"wp-block-heading\">From Mount Fuji to Paris<\/h3>\r\n\r\n\r\n\r\n\r\nA native of the Mount Fuji region, <strong>Chef Yoshitaka Takayanagi studied in Japan at the prestigious TSUJI Culinary School<\/strong>.\r\n\r\n\r\n\r\n\r\n\r\nIn 2007, he settled in France to discover the classics of French gastronomy.\r\n\r\n\r\n\r\n\r\n\r\nDriven by the desire to excel, <strong>he worked throughout his career with great French chefs<\/strong> such as Guy Martin (Grand Vefour***), Yannick All\u00e9no (Pavillon Ledoyen***), and Alain Ducasse (Le Meurice**).\r\n\r\n\r\n\r\n\r\n<figure class=\"wp-block-image size-large\"><img loading=\"lazy\" decoding=\"async\" width=\"1024\" height=\"1024\" class=\"wp-image-405\" src=\"http:\/\/www.lascenetheleme.fr\/wp-content\/uploads\/2022\/09\/107375471_2739014126378977_1963166577035121529_n-1024x1024.jpg\" alt=\"\" srcset=\"https:\/\/www.lascenetheleme.fr\/wp-content\/uploads\/2022\/09\/107375471_2739014126378977_1963166577035121529_n-1024x1024.jpg 1024w, https:\/\/www.lascenetheleme.fr\/wp-content\/uploads\/2022\/09\/107375471_2739014126378977_1963166577035121529_n-300x300.jpg 300w, https:\/\/www.lascenetheleme.fr\/wp-content\/uploads\/2022\/09\/107375471_2739014126378977_1963166577035121529_n-150x150.jpg 150w, https:\/\/www.lascenetheleme.fr\/wp-content\/uploads\/2022\/09\/107375471_2739014126378977_1963166577035121529_n-768x768.jpg 768w, https:\/\/www.lascenetheleme.fr\/wp-content\/uploads\/2022\/09\/107375471_2739014126378977_1963166577035121529_n.jpg 1440w\" sizes=\"auto, (max-width: 1024px) 100vw, 1024px\" \/><\/figure>\r\n\r\n\r\n\r\n<h3 class=\"wp-block-heading\">Terroir mon amour,<\/h3>\r\n\r\n\r\n\r\n\r\nIt was in contact with these great masters that he honed his admirable techniques and <strong>fell in love with French terroir<\/strong>.\r\n\r\n\r\n\r\n\r\n\r\nChef Yoshitaka is now ready to create and share his own culinary vision: <strong>a pure, minimalistic experience, with a simple and clear ethos\u2014 a devotion to the richness of the products he uses.<\/strong>\r\n\r\n\r\n\r\n\r\n\r\nToday, Yoshitaka Takayanagi takes over the kitchens of La Sc\u00e8ne Th\u00e9l\u00e8me where, in harmony with the seasons, he shares with you the best of the French terroir.\r\n\r\n\r\n\r\n\r\n<h3 class=\"wp-block-heading\">A huge crush<\/h3>\r\n\r\n\r\n\r\n\r\n\u201cI fell in love with the man and his cuisine,\u201d says Jean-Marie Gurn\u00e9, Founder of La Sc\u00e8ne Th\u00e9l\u00e8me, of Yoshitaka. \u201cHis cooking is very elegant with a rare sense of the balance of flavors and a subtle mastery of cooking. It combines Japanese and French cultures and reflects his personality. By getting to know him, I find in him finesse and sincerity, modesty and a desire for perfection.\u201d\r\n\r\n\r\n\r\n\r\n<div class=\"wp-block-buttons is-layout-flex wp-block-buttons-is-layout-flex\">\r\n\r\n\r\n<div class=\"wp-block-button has-custom-width wp-block-button__width-50 has-custom-font-size is-style-outline has-small-font-size is-style-outline--1\"><a class=\"wp-block-button__link has-background\" style=\"border-radius: 0px; background-color: #f0f0f0;\" href=\"http:\/\/www.lascenetheleme.fr\/carte\/\">EXPLORE THE MENU<\/a><\/div>\r\n\r\n\r\n<\/div>\r\n","protected":false},"excerpt":{"rendered":"<p>Yoshitaka Takayanagi has officiated at La Sc\u00e8ne Th\u00e9l\u00e8me since 2019. Explore his background and his inspirations<\/p>\n","protected":false},"author":1,"featured_media":3746,"comment_status":"closed","ping_status":"closed","sticky":false,"template":"","format":"standard","meta":{"footnotes":""},"categories":[12],"tags":[],"class_list":["post-3983","post","type-post","status-publish","format-standard","has-post-thumbnail","hentry","category-news"],"acf":[],"yoast_head":"<!-- This site is optimized with the Yoast SEO plugin v24.3 - https:\/\/yoast.com\/wordpress\/plugins\/seo\/ -->\n<title>Portrait of Yoshitaka Takayanagi<\/title>\n<meta name=\"description\" content=\"Yoshitaka Takayanagi has officiated at La Sc\u00e8ne Th\u00e9l\u00e8me since 2019. Explore his background and his inspirations\" \/>\n<meta name=\"robots\" content=\"index, follow, max-snippet:-1, max-image-preview:large, max-video-preview:-1\" \/>\n<link rel=\"canonical\" href=\"https:\/\/www.lascenetheleme.fr\/en\/yoshitaka_takayanagi\/\" \/>\n<meta property=\"og:locale\" content=\"en_GB\" \/>\n<meta property=\"og:type\" content=\"article\" \/>\n<meta property=\"og:title\" content=\"Portrait of Yoshitaka Takayanagi\" \/>\n<meta property=\"og:description\" content=\"Yoshitaka Takayanagi has officiated at La Sc\u00e8ne Th\u00e9l\u00e8me since 2019. Explore his background and his inspirations\" \/>\n<meta property=\"og:url\" content=\"https:\/\/www.lascenetheleme.fr\/en\/yoshitaka_takayanagi\/\" \/>\n<meta property=\"og:site_name\" content=\"La Sc\u00e8ne Th\u00e9l\u00e8me\" \/>\n<meta property=\"article:publisher\" content=\"https:\/\/www.facebook.com\/lascenetheleme\" \/>\n<meta property=\"article:published_time\" content=\"2022-10-11T15:23:31+00:00\" \/>\n<meta property=\"article:modified_time\" content=\"2022-10-13T12:06:38+00:00\" \/>\n<meta property=\"og:image\" content=\"https:\/\/www.lascenetheleme.fr\/wp-content\/uploads\/2022\/09\/Yoshi-2-scaled.jpg\" \/>\n\t<meta property=\"og:image:width\" content=\"1704\" \/>\n\t<meta property=\"og:image:height\" content=\"2560\" \/>\n\t<meta property=\"og:image:type\" content=\"image\/jpeg\" \/>\n<meta name=\"author\" content=\"La Team Th\u00e9l\u00e8me\" \/>\n<meta name=\"twitter:card\" content=\"summary_large_image\" \/>\n<meta name=\"twitter:label1\" content=\"Written by\" \/>\n\t<meta name=\"twitter:data1\" content=\"La Team Th\u00e9l\u00e8me\" \/>\n\t<meta name=\"twitter:label2\" content=\"Estimated reading time\" \/>\n\t<meta name=\"twitter:data2\" content=\"2 minutes\" \/>\n<script type=\"application\/ld+json\" class=\"yoast-schema-graph\">{\"@context\":\"https:\/\/schema.org\",\"@graph\":[{\"@type\":\"Article\",\"@id\":\"https:\/\/www.lascenetheleme.fr\/en\/yoshitaka_takayanagi\/#article\",\"isPartOf\":{\"@id\":\"https:\/\/www.lascenetheleme.fr\/en\/yoshitaka_takayanagi\/\"},\"author\":{\"name\":\"La Team Th\u00e9l\u00e8me\",\"@id\":\"https:\/\/www.lascenetheleme.fr\/#\/schema\/person\/e0e15d79f577501debe5e4665056659b\"},\"headline\":\"Portrait of Yoshitaka Takayanagi\",\"datePublished\":\"2022-10-11T15:23:31+00:00\",\"dateModified\":\"2022-10-13T12:06:38+00:00\",\"mainEntityOfPage\":{\"@id\":\"https:\/\/www.lascenetheleme.fr\/en\/yoshitaka_takayanagi\/\"},\"wordCount\":321,\"publisher\":{\"@id\":\"https:\/\/www.lascenetheleme.fr\/#organization\"},\"image\":{\"@id\":\"https:\/\/www.lascenetheleme.fr\/en\/yoshitaka_takayanagi\/#primaryimage\"},\"thumbnailUrl\":\"https:\/\/www.lascenetheleme.fr\/wp-content\/uploads\/2022\/09\/Yoshi-2-scaled.jpg\",\"articleSection\":[\"News\"],\"inLanguage\":\"en-GB\"},{\"@type\":\"WebPage\",\"@id\":\"https:\/\/www.lascenetheleme.fr\/en\/en\/yoshitaka_takayanagi\/\",\"url\":\"https:\/\/www.lascenetheleme.fr\/en\/en\/yoshitaka_takayanagi\/\",\"name\":\"Portrait de Yoshitaka Takayanagi &#8226; La Sc\u00e8ne Th\u00e9l\u00e8me\",\"isPartOf\":{\"@id\":\"https:\/\/www.lascenetheleme.fr\/#website\"},\"primaryImageOfPage\":{\"@id\":\"https:\/\/www.lascenetheleme.fr\/en\/yoshitaka_takayanagi\/#primaryimage\"},\"image\":{\"@id\":\"https:\/\/www.lascenetheleme.fr\/en\/yoshitaka_takayanagi\/#primaryimage\"},\"thumbnailUrl\":\"https:\/\/www.lascenetheleme.fr\/wp-content\/uploads\/2022\/09\/Yoshi-2-scaled.jpg\",\"datePublished\":\"2022-10-11T15:23:31+00:00\",\"dateModified\":\"2022-10-13T12:06:38+00:00\",\"description\":\"Yoshitaka Takayanagi est l'une des figures de la nouvelle g\u00e9n\u00e9ration du paysage gastronomique fran\u00e7ais. Une cuisine mariant tradition fran\u00e7aise et influence nippone.\",\"breadcrumb\":{\"@id\":\"https:\/\/www.lascenetheleme.fr\/en\/yoshitaka_takayanagi\/#breadcrumb\"},\"inLanguage\":\"en-GB\",\"potentialAction\":[{\"@type\":\"ReadAction\",\"target\":[\"https:\/\/www.lascenetheleme.fr\/en\/yoshitaka_takayanagi\/\"]}]},{\"@type\":\"ImageObject\",\"inLanguage\":\"en-GB\",\"@id\":\"https:\/\/www.lascenetheleme.fr\/en\/yoshitaka_takayanagi\/#primaryimage\",\"url\":\"https:\/\/www.lascenetheleme.fr\/wp-content\/uploads\/2022\/09\/Yoshi-2-scaled.jpg\",\"contentUrl\":\"https:\/\/www.lascenetheleme.fr\/wp-content\/uploads\/2022\/09\/Yoshi-2-scaled.jpg\",\"width\":1704,\"height\":2560},{\"@type\":\"BreadcrumbList\",\"@id\":\"https:\/\/www.lascenetheleme.fr\/en\/yoshitaka_takayanagi\/#breadcrumb\",\"itemListElement\":[{\"@type\":\"ListItem\",\"position\":1,\"name\":\"Homepage\",\"item\":\"https:\/\/www.lascenetheleme.fr\/\"},{\"@type\":\"ListItem\",\"position\":2,\"name\":\"Portrait of Yoshitaka Takayanagi\"}]},{\"@type\":\"WebSite\",\"@id\":\"https:\/\/www.lascenetheleme.fr\/en\/#website\",\"url\":\"https:\/\/www.lascenetheleme.fr\/en\/\",\"name\":\"La Sc\u00e8ne Th\u00e9l\u00e8me\",\"description\":\"\",\"publisher\":{\"@id\":\"https:\/\/www.lascenetheleme.fr\/en\/#organization\"},\"potentialAction\":[{\"@type\":\"SearchAction\",\"target\":{\"@type\":\"EntryPoint\",\"urlTemplate\":\"https:\/\/www.lascenetheleme.fr\/en\/?s={search_term_string}\"},\"query-input\":{\"@type\":\"PropertyValueSpecification\",\"valueRequired\":true,\"valueName\":\"search_term_string\"}}],\"inLanguage\":\"en-GB\"},{\"@type\":\"Organization\",\"@id\":\"https:\/\/www.lascenetheleme.fr\/en\/#organization\",\"name\":\"La Sc\u00e8ne Th\u00e9l\u00e8me\",\"url\":\"https:\/\/www.lascenetheleme.fr\/en\/\",\"logo\":{\"@type\":\"ImageObject\",\"inLanguage\":\"en-GB\",\"@id\":\"https:\/\/www.lascenetheleme.fr\/en\/#\/schema\/logo\/image\/\",\"url\":\"https:\/\/www.lascenetheleme.fr\/wp-content\/uploads\/2022\/09\/picto-thelem.svg\",\"contentUrl\":\"https:\/\/www.lascenetheleme.fr\/wp-content\/uploads\/2022\/09\/picto-thelem.svg\",\"width\":1,\"height\":1,\"caption\":\"La Sc\u00e8ne Th\u00e9l\u00e8me\"},\"image\":{\"@id\":\"https:\/\/www.lascenetheleme.fr\/en\/#\/schema\/logo\/image\/\"},\"sameAs\":[\"https:\/\/www.facebook.com\/lascenetheleme\",\"https:\/\/www.instagram.com\/lascenetheleme\/\",\"https:\/\/www.youtube.com\/channel\/UCbf3sqq557yeXEi24RPp9vg\"]},{\"@type\":\"Person\",\"@id\":\"https:\/\/www.lascenetheleme.fr\/#\/schema\/person\/e0e15d79f577501debe5e4665056659b\",\"name\":\"La Team Th\u00e9l\u00e8me\",\"image\":{\"@type\":\"ImageObject\",\"inLanguage\":\"en-GB\",\"@id\":\"https:\/\/www.lascenetheleme.fr\/#\/schema\/person\/image\/\",\"url\":\"https:\/\/secure.gravatar.com\/avatar\/59d8ac479993d285d671cdd177f3e97f?s=96&d=mm&r=g\",\"contentUrl\":\"https:\/\/secure.gravatar.com\/avatar\/59d8ac479993d285d671cdd177f3e97f?s=96&d=mm&r=g\",\"caption\":\"La Team Th\u00e9l\u00e8me\"},\"sameAs\":[\"https:\/\/php73.dev-rom3.fr\/TLM\"],\"url\":\"https:\/\/www.lascenetheleme.fr\/en\/author\/admin\/\"}]}<\/script>\n<!-- \/ Yoast SEO plugin. -->","yoast_head_json":{"title":"Portrait of Yoshitaka Takayanagi","description":"Yoshitaka Takayanagi has officiated at La Sc\u00e8ne Th\u00e9l\u00e8me since 2019. Explore his background and his inspirations","robots":{"index":"index","follow":"follow","max-snippet":"max-snippet:-1","max-image-preview":"max-image-preview:large","max-video-preview":"max-video-preview:-1"},"canonical":"https:\/\/www.lascenetheleme.fr\/en\/yoshitaka_takayanagi\/","og_locale":"en_GB","og_type":"article","og_title":"Portrait of Yoshitaka Takayanagi","og_description":"Yoshitaka Takayanagi has officiated at La Sc\u00e8ne Th\u00e9l\u00e8me since 2019. Explore his background and his inspirations","og_url":"https:\/\/www.lascenetheleme.fr\/en\/yoshitaka_takayanagi\/","og_site_name":"La Sc\u00e8ne Th\u00e9l\u00e8me","article_publisher":"https:\/\/www.facebook.com\/lascenetheleme","article_published_time":"2022-10-11T15:23:31+00:00","article_modified_time":"2022-10-13T12:06:38+00:00","og_image":[{"width":1704,"height":2560,"url":"https:\/\/www.lascenetheleme.fr\/wp-content\/uploads\/2022\/09\/Yoshi-2-scaled.jpg","type":"image\/jpeg"}],"author":"La Team Th\u00e9l\u00e8me","twitter_card":"summary_large_image","twitter_misc":{"Written by":"La Team Th\u00e9l\u00e8me","Estimated reading time":"2 minutes"},"schema":{"@context":"https:\/\/schema.org","@graph":[{"@type":"Article","@id":"https:\/\/www.lascenetheleme.fr\/en\/yoshitaka_takayanagi\/#article","isPartOf":{"@id":"https:\/\/www.lascenetheleme.fr\/en\/yoshitaka_takayanagi\/"},"author":{"name":"La Team Th\u00e9l\u00e8me","@id":"https:\/\/www.lascenetheleme.fr\/#\/schema\/person\/e0e15d79f577501debe5e4665056659b"},"headline":"Portrait of Yoshitaka Takayanagi","datePublished":"2022-10-11T15:23:31+00:00","dateModified":"2022-10-13T12:06:38+00:00","mainEntityOfPage":{"@id":"https:\/\/www.lascenetheleme.fr\/en\/yoshitaka_takayanagi\/"},"wordCount":321,"publisher":{"@id":"https:\/\/www.lascenetheleme.fr\/#organization"},"image":{"@id":"https:\/\/www.lascenetheleme.fr\/en\/yoshitaka_takayanagi\/#primaryimage"},"thumbnailUrl":"https:\/\/www.lascenetheleme.fr\/wp-content\/uploads\/2022\/09\/Yoshi-2-scaled.jpg","articleSection":["News"],"inLanguage":"en-GB"},{"@type":"WebPage","@id":"https:\/\/www.lascenetheleme.fr\/en\/en\/yoshitaka_takayanagi\/","url":"https:\/\/www.lascenetheleme.fr\/en\/en\/yoshitaka_takayanagi\/","name":"Portrait de Yoshitaka Takayanagi &#8226; La Sc\u00e8ne Th\u00e9l\u00e8me","isPartOf":{"@id":"https:\/\/www.lascenetheleme.fr\/#website"},"primaryImageOfPage":{"@id":"https:\/\/www.lascenetheleme.fr\/en\/yoshitaka_takayanagi\/#primaryimage"},"image":{"@id":"https:\/\/www.lascenetheleme.fr\/en\/yoshitaka_takayanagi\/#primaryimage"},"thumbnailUrl":"https:\/\/www.lascenetheleme.fr\/wp-content\/uploads\/2022\/09\/Yoshi-2-scaled.jpg","datePublished":"2022-10-11T15:23:31+00:00","dateModified":"2022-10-13T12:06:38+00:00","description":"Yoshitaka Takayanagi est l'une des figures de la nouvelle g\u00e9n\u00e9ration du paysage gastronomique fran\u00e7ais. Une cuisine mariant tradition fran\u00e7aise et influence nippone.","breadcrumb":{"@id":"https:\/\/www.lascenetheleme.fr\/en\/yoshitaka_takayanagi\/#breadcrumb"},"inLanguage":"en-GB","potentialAction":[{"@type":"ReadAction","target":["https:\/\/www.lascenetheleme.fr\/en\/yoshitaka_takayanagi\/"]}]},{"@type":"ImageObject","inLanguage":"en-GB","@id":"https:\/\/www.lascenetheleme.fr\/en\/yoshitaka_takayanagi\/#primaryimage","url":"https:\/\/www.lascenetheleme.fr\/wp-content\/uploads\/2022\/09\/Yoshi-2-scaled.jpg","contentUrl":"https:\/\/www.lascenetheleme.fr\/wp-content\/uploads\/2022\/09\/Yoshi-2-scaled.jpg","width":1704,"height":2560},{"@type":"BreadcrumbList","@id":"https:\/\/www.lascenetheleme.fr\/en\/yoshitaka_takayanagi\/#breadcrumb","itemListElement":[{"@type":"ListItem","position":1,"name":"Homepage","item":"https:\/\/www.lascenetheleme.fr\/"},{"@type":"ListItem","position":2,"name":"Portrait of Yoshitaka Takayanagi"}]},{"@type":"WebSite","@id":"https:\/\/www.lascenetheleme.fr\/en\/#website","url":"https:\/\/www.lascenetheleme.fr\/en\/","name":"La Sc\u00e8ne Th\u00e9l\u00e8me","description":"","publisher":{"@id":"https:\/\/www.lascenetheleme.fr\/en\/#organization"},"potentialAction":[{"@type":"SearchAction","target":{"@type":"EntryPoint","urlTemplate":"https:\/\/www.lascenetheleme.fr\/en\/?s={search_term_string}"},"query-input":{"@type":"PropertyValueSpecification","valueRequired":true,"valueName":"search_term_string"}}],"inLanguage":"en-GB"},{"@type":"Organization","@id":"https:\/\/www.lascenetheleme.fr\/en\/#organization","name":"La Sc\u00e8ne Th\u00e9l\u00e8me","url":"https:\/\/www.lascenetheleme.fr\/en\/","logo":{"@type":"ImageObject","inLanguage":"en-GB","@id":"https:\/\/www.lascenetheleme.fr\/en\/#\/schema\/logo\/image\/","url":"https:\/\/www.lascenetheleme.fr\/wp-content\/uploads\/2022\/09\/picto-thelem.svg","contentUrl":"https:\/\/www.lascenetheleme.fr\/wp-content\/uploads\/2022\/09\/picto-thelem.svg","width":1,"height":1,"caption":"La Sc\u00e8ne Th\u00e9l\u00e8me"},"image":{"@id":"https:\/\/www.lascenetheleme.fr\/en\/#\/schema\/logo\/image\/"},"sameAs":["https:\/\/www.facebook.com\/lascenetheleme","https:\/\/www.instagram.com\/lascenetheleme\/","https:\/\/www.youtube.com\/channel\/UCbf3sqq557yeXEi24RPp9vg"]},{"@type":"Person","@id":"https:\/\/www.lascenetheleme.fr\/#\/schema\/person\/e0e15d79f577501debe5e4665056659b","name":"La Team Th\u00e9l\u00e8me","image":{"@type":"ImageObject","inLanguage":"en-GB","@id":"https:\/\/www.lascenetheleme.fr\/#\/schema\/person\/image\/","url":"https:\/\/secure.gravatar.com\/avatar\/59d8ac479993d285d671cdd177f3e97f?s=96&d=mm&r=g","contentUrl":"https:\/\/secure.gravatar.com\/avatar\/59d8ac479993d285d671cdd177f3e97f?s=96&d=mm&r=g","caption":"La Team Th\u00e9l\u00e8me"},"sameAs":["https:\/\/php73.dev-rom3.fr\/TLM"],"url":"https:\/\/www.lascenetheleme.fr\/en\/author\/admin\/"}]}},"_links":{"self":[{"href":"https:\/\/www.lascenetheleme.fr\/en\/wp-json\/wp\/v2\/posts\/3983","targetHints":{"allow":["GET"]}}],"collection":[{"href":"https:\/\/www.lascenetheleme.fr\/en\/wp-json\/wp\/v2\/posts"}],"about":[{"href":"https:\/\/www.lascenetheleme.fr\/en\/wp-json\/wp\/v2\/types\/post"}],"author":[{"embeddable":true,"href":"https:\/\/www.lascenetheleme.fr\/en\/wp-json\/wp\/v2\/users\/1"}],"replies":[{"embeddable":true,"href":"https:\/\/www.lascenetheleme.fr\/en\/wp-json\/wp\/v2\/comments?post=3983"}],"version-history":[{"count":2,"href":"https:\/\/www.lascenetheleme.fr\/en\/wp-json\/wp\/v2\/posts\/3983\/revisions"}],"predecessor-version":[{"id":3988,"href":"https:\/\/www.lascenetheleme.fr\/en\/wp-json\/wp\/v2\/posts\/3983\/revisions\/3988"}],"wp:featuredmedia":[{"embeddable":true,"href":"https:\/\/www.lascenetheleme.fr\/en\/wp-json\/wp\/v2\/media\/3746"}],"wp:attachment":[{"href":"https:\/\/www.lascenetheleme.fr\/en\/wp-json\/wp\/v2\/media?parent=3983"}],"wp:term":[{"taxonomy":"category","embeddable":true,"href":"https:\/\/www.lascenetheleme.fr\/en\/wp-json\/wp\/v2\/categories?post=3983"},{"taxonomy":"post_tag","embeddable":true,"href":"https:\/\/www.lascenetheleme.fr\/en\/wp-json\/wp\/v2\/tags?post=3983"}],"curies":[{"name":"wp","href":"https:\/\/api.w.org\/{rel}","templated":true}]}}