{"id":4120,"date":"2025-10-05T15:38:00","date_gmt":"2025-10-05T13:38:00","guid":{"rendered":"http:\/\/www.lalogetheleme.fr\/demo\/?p=4120"},"modified":"2025-11-15T18:08:53","modified_gmt":"2025-11-15T17:08:53","slug":"degustation-lievre-a-la-royale-paris","status":"publish","type":"post","link":"https:\/\/www.lascenetheleme.fr\/en\/hare-a-la-royale-paris\/","title":{"rendered":"Hare \u00e0 la Royale Paris: Taste This Iconic Dish at La Sc\u00e8ne Th\u00e9l\u00e8me"},"content":{"rendered":"\r\n<h3 class=\"wp-block-heading\">Starting November 11, La Sc\u00e8ne Th\u00e9l\u00e8me in Paris proudly presents the <strong>Hare \u00e0 la Royale<\/strong>, a legendary dish of French cuisine. Reimagined by Chef Rudy Langlais, this classic game recipe will be available for one month only, offering a rare chance to savor one of the most celebrated dishes in Parisian fine dining.<\/h3>\r\n\r\n\r\n\r\n<figure class=\"wp-block-image size-large\"><img loading=\"lazy\" decoding=\"async\" width=\"1024\" height=\"688\" class=\"wp-image-4124\" src=\"http:\/\/www.lascenetheleme.fr\/wp-content\/uploads\/2022\/10\/unnamed-17.59.21-1024x688.jpg\" alt=\"\" srcset=\"https:\/\/www.lascenetheleme.fr\/wp-content\/uploads\/2022\/10\/unnamed-17.59.21-1024x688.jpg 1024w, https:\/\/www.lascenetheleme.fr\/wp-content\/uploads\/2022\/10\/unnamed-17.59.21-300x202.jpg 300w, https:\/\/www.lascenetheleme.fr\/wp-content\/uploads\/2022\/10\/unnamed-17.59.21-768x516.jpg 768w, https:\/\/www.lascenetheleme.fr\/wp-content\/uploads\/2022\/10\/unnamed-17.59.21.jpg 1125w\" sizes=\"auto, (max-width: 1024px) 100vw, 1024px\" \/>\r\n<figcaption>Preparation of the Hare \u00e0 la Royale<\/figcaption>\r\n<\/figure>\r\n\r\n\r\n\r\n\r\n\r\n<h4 class=\"wp-block-heading\"><strong>A Classic French Game Dish, Revived<\/strong><\/h4>\r\n<p>The <strong>Hare \u00e0 la Royale<\/strong> is known for its rich civet sauce, made with red wine, truffle, and foie gras. Once absent from Parisian menus, this autumn delicacy is making a strong comeback, cherished by gourmets seeking traditional French flavors.<\/p>\r\n<h4><strong>Exclusive Tasting at La Sc\u00e8ne Th\u00e9l\u00e8me<\/strong><\/h4>\r\n<p>We offer this unique dish:<\/p>\r\n<ul>\r\n<li><strong>As an additional course for \u20ac40 per person<\/strong>.<\/li>\r\n<li><strong>As a half-portion in our seven-course tasting menu, for an extra \u20ac20 per person<\/strong>.<\/li>\r\n<\/ul>\r\n<p>Reserve your table now and experience why the <strong>Hare \u00e0 la Royale<\/strong> is a must-try for lovers of French game cuisine. Don\u2019t miss this special culinary event, crafted with passion by our chef.<\/p>\r\n<p><strong>Available from November 15, dinner service only.<\/strong><\/p>\r\n<br \/>\r\n<div class=\"wp-block-buttons\"><\/div>\r\n<!-- \/wp:buttons -->","protected":false},"excerpt":{"rendered":"<p>Discover the Hare \u00e0 la Royale crafted by Chef Rudy Langlais, available \u00e0 la carte from November 11, 2025.<\/p>\n","protected":false},"author":1,"featured_media":4248,"comment_status":"closed","ping_status":"closed","sticky":false,"template":"","format":"standard","meta":{"footnotes":""},"categories":[12],"tags":[],"class_list":["post-4120","post","type-post","status-publish","format-standard","has-post-thumbnail","hentry","category-news"],"acf":[],"yoast_head":"<!-- This site is optimized with the Yoast SEO plugin v24.3 - https:\/\/yoast.com\/wordpress\/plugins\/seo\/ -->\n<title>Hare \u00e0 la Royale Paris: Taste This Iconic Dish at La Sc\u00e8ne Th\u00e9l\u00e8me<\/title>\n<meta name=\"description\" content=\"Discover the Hare \u00e0 la Royale crafted by Chef Rudy Langlais, available \u00e0 la carte from November 11, 2025.\" \/>\n<meta name=\"robots\" content=\"index, follow, max-snippet:-1, max-image-preview:large, max-video-preview:-1\" \/>\n<link rel=\"canonical\" href=\"https:\/\/www.lascenetheleme.fr\/en\/hare-a-la-royale-paris\/\" \/>\n<meta property=\"og:locale\" content=\"en_GB\" \/>\n<meta property=\"og:type\" content=\"article\" \/>\n<meta property=\"og:title\" content=\"Hare \u00e0 la Royale Paris: Taste This Iconic Dish at La Sc\u00e8ne Th\u00e9l\u00e8me\" \/>\n<meta property=\"og:description\" content=\"Discover the Hare \u00e0 la Royale crafted by Chef Rudy Langlais, available \u00e0 la carte from November 11, 2025.\" \/>\n<meta property=\"og:url\" content=\"https:\/\/www.lascenetheleme.fr\/en\/hare-a-la-royale-paris\/\" \/>\n<meta property=\"og:site_name\" content=\"La Sc\u00e8ne Th\u00e9l\u00e8me\" \/>\n<meta property=\"article:publisher\" content=\"https:\/\/www.facebook.com\/lascenetheleme\" \/>\n<meta property=\"article:published_time\" content=\"2025-10-05T13:38:00+00:00\" \/>\n<meta property=\"article:modified_time\" content=\"2025-11-15T17:08:53+00:00\" \/>\n<meta property=\"og:image\" content=\"https:\/\/www.lascenetheleme.fr\/wp-content\/uploads\/2022\/10\/3-1.jpg\" \/>\n\t<meta property=\"og:image:width\" content=\"1080\" \/>\n\t<meta property=\"og:image:height\" content=\"1350\" \/>\n\t<meta property=\"og:image:type\" content=\"image\/jpeg\" \/>\n<meta name=\"author\" content=\"La Team Th\u00e9l\u00e8me\" \/>\n<meta name=\"twitter:card\" content=\"summary_large_image\" \/>\n<meta name=\"twitter:label1\" content=\"Written by\" \/>\n\t<meta name=\"twitter:data1\" content=\"La Team Th\u00e9l\u00e8me\" \/>\n\t<meta name=\"twitter:label2\" content=\"Estimated reading time\" \/>\n\t<meta name=\"twitter:data2\" content=\"2 minutes\" \/>\n<script type=\"application\/ld+json\" class=\"yoast-schema-graph\">{\"@context\":\"https:\/\/schema.org\",\"@graph\":[{\"@type\":\"Article\",\"@id\":\"https:\/\/www.lascenetheleme.fr\/en\/hare-a-la-royale-paris\/#article\",\"isPartOf\":{\"@id\":\"https:\/\/www.lascenetheleme.fr\/en\/hare-a-la-royale-paris\/\"},\"author\":{\"name\":\"La Team Th\u00e9l\u00e8me\",\"@id\":\"https:\/\/www.lascenetheleme.fr\/#\/schema\/person\/e0e15d79f577501debe5e4665056659b\"},\"headline\":\"Hare \u00e0 la Royale Paris: Taste This Iconic Dish at La Sc\u00e8ne Th\u00e9l\u00e8me\",\"datePublished\":\"2025-10-05T13:38:00+00:00\",\"dateModified\":\"2025-11-15T17:08:53+00:00\",\"mainEntityOfPage\":{\"@id\":\"https:\/\/www.lascenetheleme.fr\/en\/hare-a-la-royale-paris\/\"},\"wordCount\":243,\"publisher\":{\"@id\":\"https:\/\/www.lascenetheleme.fr\/#organization\"},\"image\":{\"@id\":\"https:\/\/www.lascenetheleme.fr\/en\/hare-a-la-royale-paris\/#primaryimage\"},\"thumbnailUrl\":\"https:\/\/www.lascenetheleme.fr\/wp-content\/uploads\/2022\/10\/3-1.jpg\",\"articleSection\":[\"News\"],\"inLanguage\":\"en-GB\"},{\"@type\":\"WebPage\",\"@id\":\"https:\/\/www.lascenetheleme.fr\/en\/en\/hare-a-la-royale-paris\/\",\"url\":\"https:\/\/www.lascenetheleme.fr\/en\/en\/hare-a-la-royale-paris\/\",\"name\":\"Li\u00e8vre \u00e0 la Royale Paris : D\u00e9gustez-le \u00e0 La Sc\u00e8ne Th\u00e9l\u00e8me\",\"isPartOf\":{\"@id\":\"https:\/\/www.lascenetheleme.fr\/#website\"},\"primaryImageOfPage\":{\"@id\":\"https:\/\/www.lascenetheleme.fr\/en\/hare-a-la-royale-paris\/#primaryimage\"},\"image\":{\"@id\":\"https:\/\/www.lascenetheleme.fr\/en\/hare-a-la-royale-paris\/#primaryimage\"},\"thumbnailUrl\":\"https:\/\/www.lascenetheleme.fr\/wp-content\/uploads\/2022\/10\/3-1.jpg\",\"datePublished\":\"2025-10-05T13:38:00+00:00\",\"dateModified\":\"2025-11-15T17:08:53+00:00\",\"description\":\"D\u00e9gustez le Li\u00e8vre \u00e0 la Royale \u00e0 La Sc\u00e8ne Th\u00e9l\u00e8me \u00e0 Paris d\u00e8s le 15 novembre. Ce plat embl\u00e9matique de la cuisine fran\u00e7aise, revisit\u00e9 par le chef Rudy Langlais, est disponible pour un mois seulement. R\u00e9servez votre table pour d\u00e9couvrir cette exp\u00e9rience culinaire rare et authentique, incontournable des amateurs de gibier.\",\"breadcrumb\":{\"@id\":\"https:\/\/www.lascenetheleme.fr\/en\/hare-a-la-royale-paris\/#breadcrumb\"},\"inLanguage\":\"en-GB\",\"potentialAction\":[{\"@type\":\"ReadAction\",\"target\":[\"https:\/\/www.lascenetheleme.fr\/en\/hare-a-la-royale-paris\/\"]}]},{\"@type\":\"ImageObject\",\"inLanguage\":\"en-GB\",\"@id\":\"https:\/\/www.lascenetheleme.fr\/en\/hare-a-la-royale-paris\/#primaryimage\",\"url\":\"https:\/\/www.lascenetheleme.fr\/wp-content\/uploads\/2022\/10\/3-1.jpg\",\"contentUrl\":\"https:\/\/www.lascenetheleme.fr\/wp-content\/uploads\/2022\/10\/3-1.jpg\",\"width\":1080,\"height\":1350},{\"@type\":\"BreadcrumbList\",\"@id\":\"https:\/\/www.lascenetheleme.fr\/en\/hare-a-la-royale-paris\/#breadcrumb\",\"itemListElement\":[{\"@type\":\"ListItem\",\"position\":1,\"name\":\"Homepage\",\"item\":\"https:\/\/www.lascenetheleme.fr\/\"},{\"@type\":\"ListItem\",\"position\":2,\"name\":\"Hare \u00e0 la Royale Paris: Taste This Iconic Dish at La Sc\u00e8ne Th\u00e9l\u00e8me\"}]},{\"@type\":\"WebSite\",\"@id\":\"https:\/\/www.lascenetheleme.fr\/en\/#website\",\"url\":\"https:\/\/www.lascenetheleme.fr\/en\/\",\"name\":\"La Sc\u00e8ne Th\u00e9l\u00e8me\",\"description\":\"\",\"publisher\":{\"@id\":\"https:\/\/www.lascenetheleme.fr\/en\/#organization\"},\"potentialAction\":[{\"@type\":\"SearchAction\",\"target\":{\"@type\":\"EntryPoint\",\"urlTemplate\":\"https:\/\/www.lascenetheleme.fr\/en\/?s={search_term_string}\"},\"query-input\":{\"@type\":\"PropertyValueSpecification\",\"valueRequired\":true,\"valueName\":\"search_term_string\"}}],\"inLanguage\":\"en-GB\"},{\"@type\":\"Organization\",\"@id\":\"https:\/\/www.lascenetheleme.fr\/en\/#organization\",\"name\":\"La Sc\u00e8ne Th\u00e9l\u00e8me\",\"url\":\"https:\/\/www.lascenetheleme.fr\/en\/\",\"logo\":{\"@type\":\"ImageObject\",\"inLanguage\":\"en-GB\",\"@id\":\"https:\/\/www.lascenetheleme.fr\/en\/#\/schema\/logo\/image\/\",\"url\":\"https:\/\/www.lascenetheleme.fr\/wp-content\/uploads\/2022\/09\/picto-thelem.svg\",\"contentUrl\":\"https:\/\/www.lascenetheleme.fr\/wp-content\/uploads\/2022\/09\/picto-thelem.svg\",\"width\":1,\"height\":1,\"caption\":\"La Sc\u00e8ne Th\u00e9l\u00e8me\"},\"image\":{\"@id\":\"https:\/\/www.lascenetheleme.fr\/en\/#\/schema\/logo\/image\/\"},\"sameAs\":[\"https:\/\/www.facebook.com\/lascenetheleme\",\"https:\/\/www.instagram.com\/lascenetheleme\/\",\"https:\/\/www.youtube.com\/channel\/UCbf3sqq557yeXEi24RPp9vg\"]},{\"@type\":\"Person\",\"@id\":\"https:\/\/www.lascenetheleme.fr\/#\/schema\/person\/e0e15d79f577501debe5e4665056659b\",\"name\":\"La Team Th\u00e9l\u00e8me\",\"image\":{\"@type\":\"ImageObject\",\"inLanguage\":\"en-GB\",\"@id\":\"https:\/\/www.lascenetheleme.fr\/#\/schema\/person\/image\/\",\"url\":\"https:\/\/secure.gravatar.com\/avatar\/59d8ac479993d285d671cdd177f3e97f?s=96&d=mm&r=g\",\"contentUrl\":\"https:\/\/secure.gravatar.com\/avatar\/59d8ac479993d285d671cdd177f3e97f?s=96&d=mm&r=g\",\"caption\":\"La Team Th\u00e9l\u00e8me\"},\"sameAs\":[\"https:\/\/php73.dev-rom3.fr\/TLM\"],\"url\":\"https:\/\/www.lascenetheleme.fr\/en\/author\/admin\/\"}]}<\/script>\n<!-- \/ Yoast SEO plugin. -->","yoast_head_json":{"title":"Hare \u00e0 la Royale Paris: Taste This Iconic Dish at La Sc\u00e8ne Th\u00e9l\u00e8me","description":"Discover the Hare \u00e0 la Royale crafted by Chef Rudy Langlais, available \u00e0 la carte from November 11, 2025.","robots":{"index":"index","follow":"follow","max-snippet":"max-snippet:-1","max-image-preview":"max-image-preview:large","max-video-preview":"max-video-preview:-1"},"canonical":"https:\/\/www.lascenetheleme.fr\/en\/hare-a-la-royale-paris\/","og_locale":"en_GB","og_type":"article","og_title":"Hare \u00e0 la Royale Paris: Taste This Iconic Dish at La Sc\u00e8ne Th\u00e9l\u00e8me","og_description":"Discover the Hare \u00e0 la Royale crafted by Chef Rudy Langlais, available \u00e0 la carte from November 11, 2025.","og_url":"https:\/\/www.lascenetheleme.fr\/en\/hare-a-la-royale-paris\/","og_site_name":"La Sc\u00e8ne Th\u00e9l\u00e8me","article_publisher":"https:\/\/www.facebook.com\/lascenetheleme","article_published_time":"2025-10-05T13:38:00+00:00","article_modified_time":"2025-11-15T17:08:53+00:00","og_image":[{"width":1080,"height":1350,"url":"https:\/\/www.lascenetheleme.fr\/wp-content\/uploads\/2022\/10\/3-1.jpg","type":"image\/jpeg"}],"author":"La Team Th\u00e9l\u00e8me","twitter_card":"summary_large_image","twitter_misc":{"Written by":"La Team Th\u00e9l\u00e8me","Estimated reading time":"2 minutes"},"schema":{"@context":"https:\/\/schema.org","@graph":[{"@type":"Article","@id":"https:\/\/www.lascenetheleme.fr\/en\/hare-a-la-royale-paris\/#article","isPartOf":{"@id":"https:\/\/www.lascenetheleme.fr\/en\/hare-a-la-royale-paris\/"},"author":{"name":"La Team Th\u00e9l\u00e8me","@id":"https:\/\/www.lascenetheleme.fr\/#\/schema\/person\/e0e15d79f577501debe5e4665056659b"},"headline":"Hare \u00e0 la Royale Paris: Taste This Iconic Dish at La Sc\u00e8ne Th\u00e9l\u00e8me","datePublished":"2025-10-05T13:38:00+00:00","dateModified":"2025-11-15T17:08:53+00:00","mainEntityOfPage":{"@id":"https:\/\/www.lascenetheleme.fr\/en\/hare-a-la-royale-paris\/"},"wordCount":243,"publisher":{"@id":"https:\/\/www.lascenetheleme.fr\/#organization"},"image":{"@id":"https:\/\/www.lascenetheleme.fr\/en\/hare-a-la-royale-paris\/#primaryimage"},"thumbnailUrl":"https:\/\/www.lascenetheleme.fr\/wp-content\/uploads\/2022\/10\/3-1.jpg","articleSection":["News"],"inLanguage":"en-GB"},{"@type":"WebPage","@id":"https:\/\/www.lascenetheleme.fr\/en\/en\/hare-a-la-royale-paris\/","url":"https:\/\/www.lascenetheleme.fr\/en\/en\/hare-a-la-royale-paris\/","name":"Li\u00e8vre \u00e0 la Royale Paris : D\u00e9gustez-le \u00e0 La Sc\u00e8ne Th\u00e9l\u00e8me","isPartOf":{"@id":"https:\/\/www.lascenetheleme.fr\/#website"},"primaryImageOfPage":{"@id":"https:\/\/www.lascenetheleme.fr\/en\/hare-a-la-royale-paris\/#primaryimage"},"image":{"@id":"https:\/\/www.lascenetheleme.fr\/en\/hare-a-la-royale-paris\/#primaryimage"},"thumbnailUrl":"https:\/\/www.lascenetheleme.fr\/wp-content\/uploads\/2022\/10\/3-1.jpg","datePublished":"2025-10-05T13:38:00+00:00","dateModified":"2025-11-15T17:08:53+00:00","description":"D\u00e9gustez le Li\u00e8vre \u00e0 la Royale \u00e0 La Sc\u00e8ne Th\u00e9l\u00e8me \u00e0 Paris d\u00e8s le 15 novembre. Ce plat embl\u00e9matique de la cuisine fran\u00e7aise, revisit\u00e9 par le chef Rudy Langlais, est disponible pour un mois seulement. R\u00e9servez votre table pour d\u00e9couvrir cette exp\u00e9rience culinaire rare et authentique, incontournable des amateurs de gibier.","breadcrumb":{"@id":"https:\/\/www.lascenetheleme.fr\/en\/hare-a-la-royale-paris\/#breadcrumb"},"inLanguage":"en-GB","potentialAction":[{"@type":"ReadAction","target":["https:\/\/www.lascenetheleme.fr\/en\/hare-a-la-royale-paris\/"]}]},{"@type":"ImageObject","inLanguage":"en-GB","@id":"https:\/\/www.lascenetheleme.fr\/en\/hare-a-la-royale-paris\/#primaryimage","url":"https:\/\/www.lascenetheleme.fr\/wp-content\/uploads\/2022\/10\/3-1.jpg","contentUrl":"https:\/\/www.lascenetheleme.fr\/wp-content\/uploads\/2022\/10\/3-1.jpg","width":1080,"height":1350},{"@type":"BreadcrumbList","@id":"https:\/\/www.lascenetheleme.fr\/en\/hare-a-la-royale-paris\/#breadcrumb","itemListElement":[{"@type":"ListItem","position":1,"name":"Homepage","item":"https:\/\/www.lascenetheleme.fr\/"},{"@type":"ListItem","position":2,"name":"Hare \u00e0 la Royale Paris: Taste This Iconic Dish at La Sc\u00e8ne Th\u00e9l\u00e8me"}]},{"@type":"WebSite","@id":"https:\/\/www.lascenetheleme.fr\/en\/#website","url":"https:\/\/www.lascenetheleme.fr\/en\/","name":"La Sc\u00e8ne Th\u00e9l\u00e8me","description":"","publisher":{"@id":"https:\/\/www.lascenetheleme.fr\/en\/#organization"},"potentialAction":[{"@type":"SearchAction","target":{"@type":"EntryPoint","urlTemplate":"https:\/\/www.lascenetheleme.fr\/en\/?s={search_term_string}"},"query-input":{"@type":"PropertyValueSpecification","valueRequired":true,"valueName":"search_term_string"}}],"inLanguage":"en-GB"},{"@type":"Organization","@id":"https:\/\/www.lascenetheleme.fr\/en\/#organization","name":"La Sc\u00e8ne Th\u00e9l\u00e8me","url":"https:\/\/www.lascenetheleme.fr\/en\/","logo":{"@type":"ImageObject","inLanguage":"en-GB","@id":"https:\/\/www.lascenetheleme.fr\/en\/#\/schema\/logo\/image\/","url":"https:\/\/www.lascenetheleme.fr\/wp-content\/uploads\/2022\/09\/picto-thelem.svg","contentUrl":"https:\/\/www.lascenetheleme.fr\/wp-content\/uploads\/2022\/09\/picto-thelem.svg","width":1,"height":1,"caption":"La Sc\u00e8ne Th\u00e9l\u00e8me"},"image":{"@id":"https:\/\/www.lascenetheleme.fr\/en\/#\/schema\/logo\/image\/"},"sameAs":["https:\/\/www.facebook.com\/lascenetheleme","https:\/\/www.instagram.com\/lascenetheleme\/","https:\/\/www.youtube.com\/channel\/UCbf3sqq557yeXEi24RPp9vg"]},{"@type":"Person","@id":"https:\/\/www.lascenetheleme.fr\/#\/schema\/person\/e0e15d79f577501debe5e4665056659b","name":"La Team Th\u00e9l\u00e8me","image":{"@type":"ImageObject","inLanguage":"en-GB","@id":"https:\/\/www.lascenetheleme.fr\/#\/schema\/person\/image\/","url":"https:\/\/secure.gravatar.com\/avatar\/59d8ac479993d285d671cdd177f3e97f?s=96&d=mm&r=g","contentUrl":"https:\/\/secure.gravatar.com\/avatar\/59d8ac479993d285d671cdd177f3e97f?s=96&d=mm&r=g","caption":"La Team Th\u00e9l\u00e8me"},"sameAs":["https:\/\/php73.dev-rom3.fr\/TLM"],"url":"https:\/\/www.lascenetheleme.fr\/en\/author\/admin\/"}]}},"_links":{"self":[{"href":"https:\/\/www.lascenetheleme.fr\/en\/wp-json\/wp\/v2\/posts\/4120","targetHints":{"allow":["GET"]}}],"collection":[{"href":"https:\/\/www.lascenetheleme.fr\/en\/wp-json\/wp\/v2\/posts"}],"about":[{"href":"https:\/\/www.lascenetheleme.fr\/en\/wp-json\/wp\/v2\/types\/post"}],"author":[{"embeddable":true,"href":"https:\/\/www.lascenetheleme.fr\/en\/wp-json\/wp\/v2\/users\/1"}],"replies":[{"embeddable":true,"href":"https:\/\/www.lascenetheleme.fr\/en\/wp-json\/wp\/v2\/comments?post=4120"}],"version-history":[{"count":17,"href":"https:\/\/www.lascenetheleme.fr\/en\/wp-json\/wp\/v2\/posts\/4120\/revisions"}],"predecessor-version":[{"id":5968,"href":"https:\/\/www.lascenetheleme.fr\/en\/wp-json\/wp\/v2\/posts\/4120\/revisions\/5968"}],"wp:featuredmedia":[{"embeddable":true,"href":"https:\/\/www.lascenetheleme.fr\/en\/wp-json\/wp\/v2\/media\/4248"}],"wp:attachment":[{"href":"https:\/\/www.lascenetheleme.fr\/en\/wp-json\/wp\/v2\/media?parent=4120"}],"wp:term":[{"taxonomy":"category","embeddable":true,"href":"https:\/\/www.lascenetheleme.fr\/en\/wp-json\/wp\/v2\/categories?post=4120"},{"taxonomy":"post_tag","embeddable":true,"href":"https:\/\/www.lascenetheleme.fr\/en\/wp-json\/wp\/v2\/tags?post=4120"}],"curies":[{"name":"wp","href":"https:\/\/api.w.org\/{rel}","templated":true}]}}