{"id":4770,"date":"2020-05-25T12:09:45","date_gmt":"2020-05-25T10:09:45","guid":{"rendered":"https:\/\/www.lascenetheleme.fr\/?p=4770"},"modified":"2025-02-23T14:05:05","modified_gmt":"2025-02-23T13:05:05","slug":"decouvrez-le-chef-etoile-japonais-yoshitaka-takayanagi-au-restaurant-la-scene-theleme-a-paris","status":"publish","type":"post","link":"https:\/\/www.lascenetheleme.fr\/en\/decouvrez-le-chef-etoile-japonais-yoshitaka-takayanagi-au-restaurant-la-scene-theleme-a-paris\/","title":{"rendered":"D\u00e9couvrez le chef \u00e9toil\u00e9 japonais Yoshitaka Takayanagi au restaurant La Sc\u00e8ne Th\u00e9l\u00e8me \u00e0 Paris"},"content":{"rendered":"\n<h2 class=\"wp-block-heading\">Vous \u00eates \u00e0 la recherche d&#8217;un chef \u00e9toil\u00e9 japonais \u00e0 Paris ?&nbsp;<\/h2>\n\n\n\n<p class=\"has-medium-font-size\">Ne cherchez plus, nous avons trouv\u00e9 l&#8217;adresse qu&#8217;il vous faut : le restaurant La Sc\u00e8ne Th\u00e9l\u00e8me, o\u00f9 officie le talentueux Yoshitaka Takayanagi. Ce chef d&#8217;origine nippone vous propose une cuisine fusion entre la France et le Japon, qui vous fera voyager entre les deux cultures. A la t\u00eate des cuisines depuis 2018, il maintient l\u2019\u00e9toile au guide Michelin depuis 5 ans, une r\u00e9compense m\u00e9rit\u00e9e pour ce passionn\u00e9 de gastronomie. <strong>Voici tout ce qu&#8217;il faut savoir sur ce chef japonais et le restaurant \u00e9toil\u00e9 parisien La Sc\u00e8ne Th\u00e9l\u00e8me.<\/strong><\/p>\n\n\n\n<figure class=\"wp-block-gallery has-nested-images columns-default is-cropped wp-block-gallery-1 is-layout-flex wp-block-gallery-is-layout-flex\">\n<figure class=\"wp-block-image size-large is-style-default\"><img loading=\"lazy\" decoding=\"async\" width=\"1015\" height=\"1024\" data-id=\"396\" src=\"https:\/\/www.lascenetheleme.fr\/wp-content\/uploads\/2022\/09\/yoshi-1-1190x1200-1-1015x1024.jpg\" alt=\"\" class=\"wp-image-396\" srcset=\"https:\/\/www.lascenetheleme.fr\/wp-content\/uploads\/2022\/09\/yoshi-1-1190x1200-1-1015x1024.jpg 1015w, https:\/\/www.lascenetheleme.fr\/wp-content\/uploads\/2022\/09\/yoshi-1-1190x1200-1-298x300.jpg 298w, https:\/\/www.lascenetheleme.fr\/wp-content\/uploads\/2022\/09\/yoshi-1-1190x1200-1-150x150.jpg 150w, https:\/\/www.lascenetheleme.fr\/wp-content\/uploads\/2022\/09\/yoshi-1-1190x1200-1-768x774.jpg 768w, https:\/\/www.lascenetheleme.fr\/wp-content\/uploads\/2022\/09\/yoshi-1-1190x1200-1.jpg 1190w\" sizes=\"auto, (max-width: 1015px) 100vw, 1015px\" \/><figcaption>le chef \u00e9toil\u00e9 japonais du restaurant La Sc\u00e8ne Th\u00e9l\u00e8me \u00e0 Paris<\/figcaption><\/figure>\n<\/figure>\n\n\n\n<h2 class=\"wp-block-heading\"><strong>Qui est Yoshitaka Takayanagi ?<\/strong><\/h2>\n\n\n\n<p class=\"has-medium-font-size\">Yoshitaka Takayanagi est n\u00e9 pr\u00e8s du Mont Fuji,, o\u00f9 il se passionne tr\u00e8s t\u00f4t pour la cuisine. Il suit une formation au Japon, o\u00f9 il apprend les bases de la gastronomie nippone. Il d\u00e9cide ensuite de partir en France pour d\u00e9couvrir la culture et les produits de ce pays, qu&#8217;il admire depuis son enfance.<\/p>\n\n\n\n<figure class=\"wp-block-image size-large\"><img loading=\"lazy\" decoding=\"async\" width=\"1024\" height=\"683\" src=\"https:\/\/www.lascenetheleme.fr\/wp-content\/uploads\/2023\/05\/daniel-hehn-NdkM92CRaxg-unsplash-1024x683.jpg\" alt=\"\" class=\"wp-image-4773\" srcset=\"https:\/\/www.lascenetheleme.fr\/wp-content\/uploads\/2023\/05\/daniel-hehn-NdkM92CRaxg-unsplash-1024x683.jpg 1024w, https:\/\/www.lascenetheleme.fr\/wp-content\/uploads\/2023\/05\/daniel-hehn-NdkM92CRaxg-unsplash-300x200.jpg 300w, https:\/\/www.lascenetheleme.fr\/wp-content\/uploads\/2023\/05\/daniel-hehn-NdkM92CRaxg-unsplash-768x512.jpg 768w, https:\/\/www.lascenetheleme.fr\/wp-content\/uploads\/2023\/05\/daniel-hehn-NdkM92CRaxg-unsplash-1536x1024.jpg 1536w, https:\/\/www.lascenetheleme.fr\/wp-content\/uploads\/2023\/05\/daniel-hehn-NdkM92CRaxg-unsplash-2048x1365.jpg 2048w\" sizes=\"auto, (max-width: 1024px) 100vw, 1024px\" \/><figcaption>Mont Fuji &#8211; Japon<\/figcaption><\/figure>\n\n\n\n<p class=\"has-medium-font-size\">Il fait ses armes dans des restaurants prestigieux, comme le Taillevent, le Meurice ou le Bristol, o\u00f9 il se perfectionne dans la cuisine fran\u00e7aise classique et moderne. Il rencontre \u00e9galement des chefs de renom, comme Alain Senderens, Yannick All\u00e9no ou Eric Frechon, qui lui transmettent leur savoir-faire et leur vision.<\/p>\n\n\n\n<p class=\"has-medium-font-size\">En 2018, il rejoint le restaurant La Sc\u00e8ne Th\u00e9l\u00e8me, o\u00f9 il devient le chef ex\u00e9cutif. Il y propose une cuisine \u00e9l\u00e9gante et inventive, qui fusionne les influences de la France et du Japon. Depuis lors, il conserve une \u00e9toile au guide Michelin, une cons\u00e9cration pour ce chef passionn\u00e9 et discret.<\/p>\n\n\n\n<figure class=\"wp-block-image size-large\"><img loading=\"lazy\" decoding=\"async\" width=\"1080\" height=\"1350\" src=\"https:\/\/www.lascenetheleme.fr\/wp-content\/uploads\/2023\/05\/4-819x1024.png\" alt=\"\" class=\"wp-image-4784\" srcset=\"https:\/\/www.lascenetheleme.fr\/wp-content\/uploads\/2023\/05\/4-819x1024.png 819w, https:\/\/www.lascenetheleme.fr\/wp-content\/uploads\/2023\/05\/4-240x300.png 240w, https:\/\/www.lascenetheleme.fr\/wp-content\/uploads\/2023\/05\/4-768x960.png 768w, https:\/\/www.lascenetheleme.fr\/wp-content\/uploads\/2023\/05\/4.png 1080w\" sizes=\"auto, (max-width: 1080px) 100vw, 1080px\" \/><\/figure>\n\n\n\n<h2 class=\"wp-block-heading\"><strong>Quelle est la cuisine de Yoshitaka Takayanagi, le chef \u00e9toil\u00e9 japonais du restaurant La Sc\u00e8ne Th\u00e9l\u00e8me \u00e0 Paris ?<\/strong><\/h2>\n\n\n\n<p class=\"has-medium-font-size\">La cuisine de Yoshitaka Takayanagi est le reflet de son parcours et de sa personnalit\u00e9. Il m\u00eale avec finesse et subtilit\u00e9 les techniques et les produits des deux pays qui l&#8217;ont inspir\u00e9 : la France et le Japon. Il cr\u00e9e ainsi des plats originaux et harmonieux, qui r\u00e9v\u00e8lent les saveurs et les textures de chaque ingr\u00e9dient.<\/p>\n\n\n\n<p class=\"has-medium-font-size\">Il accorde une grande importance \u00e0 la qualit\u00e9 et \u00e0 la saisonnalit\u00e9 des produits qu&#8217;il utilise. Yoshitaka Takayanagi travaille avec des producteurs locaux, qui lui fournissent des l\u00e9gumes, des fruits, des viandes ou des poissons d&#8217;exception. Il respecte le rythme de la nature et adapte sa carte en fonction des arrivages.<\/p>\n\n\n\n<figure class=\"wp-block-pullquote has-white-background-color has-background has-medium-font-size\" style=\"border-radius:0px;border-style:solid;border-width:0px;font-style:normal;font-weight:500;text-transform:lowercase\"><blockquote><p>Ici, pas de plats pr\u00e9d\u00e9finis \u00e0 la carte\u00a0! Le Chef fait selon l\u2019arrivage du jour et compose ainsi ses recettes de fa\u00e7on spontan\u00e9e, \u00e0 l\u2019inspiration.<\/p><cite><strong><a href=\"https:\/\/www.forbes.fr\/luxe\/les-prodiges-du-chef-yoshitaka-takayanagi-a-la-scene-theleme\/\">forbes<\/a> <\/strong><\/cite><\/blockquote><\/figure>\n\n\n\n<p class=\"has-medium-font-size\">Il aime aussi surprendre ses convives avec des associations inattendues ou des touches d&#8217;exotisme. Il n&#8217;h\u00e9site pas \u00e0 int\u00e9grer des \u00e9pices, des herbes ou des condiments venus d&#8217;ailleurs, qui apportent du peps et du caract\u00e8re \u00e0 ses plats. Il joue \u00e9galement avec les contrastes de temp\u00e9rature, de couleur ou de forme, pour cr\u00e9er une exp\u00e9rience sensorielle unique.<\/p>\n\n\n\n<h2 class=\"wp-block-heading\"><strong>Quels sont les plats signatures de Yoshitaka Takayanagi ?<\/strong><\/h2>\n\n\n\n<p class=\"has-medium-font-size\">Parmi les plats signatures de Yoshitaka Takayanagi, on peut citer :<\/p>\n\n\n\n<ul class=\"has-medium-font-size wp-block-list\"><li>Carr\u00e9 d\u2019agneau r\u00f4ti, asperge verte, ail Noir<\/li><li>Rouget cuit \u00e0 la japonaise avec ses \u00e9cailles et sa d\u00e9clinaison de brocolis<\/li><li>Homard breton grill\u00e9 au binchotan, morille fra\u00eeche, vin jaune<\/li><li>Le filet de b\u0153uf wagyu grill\u00e9 au charbon de bois, pur\u00e9e de pommes de terre \u00e0 l&#8217;huile d&#8217;olive, jus cors\u00e9 au miso<\/li><li>La Pavlova sous toutes ses coutures\u00a0<\/li><\/ul>\n\n\n\n<figure class=\"wp-block-gallery has-nested-images columns-default is-cropped wp-block-gallery-2 is-layout-flex wp-block-gallery-is-layout-flex\">\n<figure class=\"wp-block-image size-large\"><img loading=\"lazy\" decoding=\"async\" width=\"1080\" height=\"1350\" data-id=\"4785\" src=\"https:\/\/www.lascenetheleme.fr\/wp-content\/uploads\/2023\/05\/5.png\" alt=\"\" class=\"wp-image-4785\" srcset=\"https:\/\/www.lascenetheleme.fr\/wp-content\/uploads\/2023\/05\/5.png 1080w, https:\/\/www.lascenetheleme.fr\/wp-content\/uploads\/2023\/05\/5-240x300.png 240w, https:\/\/www.lascenetheleme.fr\/wp-content\/uploads\/2023\/05\/5-819x1024.png 819w, https:\/\/www.lascenetheleme.fr\/wp-content\/uploads\/2023\/05\/5-768x960.png 768w\" sizes=\"auto, (max-width: 1080px) 100vw, 1080px\" \/><figcaption>Carr\u00e9 d&#8217;agneau<\/figcaption><\/figure>\n\n\n\n<figure class=\"wp-block-image size-large\"><img loading=\"lazy\" decoding=\"async\" width=\"1080\" height=\"1350\" data-id=\"4781\" src=\"https:\/\/www.lascenetheleme.fr\/wp-content\/uploads\/2023\/05\/1.png\" alt=\"\" class=\"wp-image-4781\" srcset=\"https:\/\/www.lascenetheleme.fr\/wp-content\/uploads\/2023\/05\/1.png 1080w, https:\/\/www.lascenetheleme.fr\/wp-content\/uploads\/2023\/05\/1-240x300.png 240w, https:\/\/www.lascenetheleme.fr\/wp-content\/uploads\/2023\/05\/1-819x1024.png 819w, https:\/\/www.lascenetheleme.fr\/wp-content\/uploads\/2023\/05\/1-768x960.png 768w\" sizes=\"auto, (max-width: 1080px) 100vw, 1080px\" \/><figcaption>Pavlova \u00e0 la fraise<\/figcaption><\/figure>\n<\/figure>\n\n\n\n<figure class=\"wp-block-image size-full is-resized\"><img loading=\"lazy\" decoding=\"async\" src=\"https:\/\/www.lascenetheleme.fr\/wp-content\/uploads\/2023\/05\/img_2960_jpg-580x580-1.jpeg\" alt=\"\" class=\"wp-image-4796\" width=\"841\" height=\"841\" srcset=\"https:\/\/www.lascenetheleme.fr\/wp-content\/uploads\/2023\/05\/img_2960_jpg-580x580-1.jpeg 580w, https:\/\/www.lascenetheleme.fr\/wp-content\/uploads\/2023\/05\/img_2960_jpg-580x580-1-300x300.jpeg 300w, https:\/\/www.lascenetheleme.fr\/wp-content\/uploads\/2023\/05\/img_2960_jpg-580x580-1-150x150.jpeg 150w\" sizes=\"auto, (max-width: 841px) 100vw, 841px\" \/><figcaption>Rouget cuit \u00e0 la japonaise avec ses \u00e9cailles<\/figcaption><\/figure>\n\n\n\n<h2 class=\"wp-block-heading\"><strong>Comment r\u00e9server une table au restaurant La Sc\u00e8ne Th\u00e9l\u00e8me \u00e0 Paris ?<\/strong><\/h2>\n\n\n\n<p class=\"has-medium-font-size\">Le restaurant La Sc\u00e8ne Th\u00e9l\u00e8me vous accueille du mardi au samedi, pour le d\u00e9jeuner et le d\u00eener. <\/p>\n\n\n\n<p class=\"has-medium-font-size\">Il vous propose plusieurs menus \u00e0 choisir selon vos envies, votre timing ou votre budget : une menu \u00e9toil\u00e9 abordable \u00e0 49\u20ac vous est par exemple propos\u00e9, vous pouvez \u00e9galement vous laisser tenter par le menu d\u00e9gustation \u00e0 147\u20ac qui offre un voyage complet dans l\u2019univers de Yoshitaka Takayanagi.\u00a0<\/p>\n\n\n\n<h2 class=\"wp-block-heading\"><strong>Pour r\u00e9server une table au restaurant La Sc\u00e8ne Th\u00e9l\u00e8me \u00e0 Paris, vous pouvez :<\/strong><\/h2>\n\n\n\n<ul class=\"has-medium-font-size wp-block-list\"><li>Appeler le 01 53 81 79 77<\/li><li>Envoyer un email \u00e0 <a href=\"mailto:contact@lascenetheleme.fr\" target=\"_blank\" rel=\"noreferrer noopener\">contact@lascenetheleme.fr<\/a> <\/li><li><a href=\"https:\/\/www.lascenetheleme.fr\/contact\/\">Toutes les informations de contact pour organiser votre venue<\/a> <\/li><\/ul>\n\n\n\n<div style=\"height:53px\" aria-hidden=\"true\" class=\"wp-block-spacer\"><\/div>\n\n\n\n<div class=\"wp-block-buttons is-content-justification-center is-layout-flex wp-container-core-buttons-is-layout-1 wp-block-buttons-is-layout-flex\">\n<div class=\"wp-block-button has-custom-width wp-block-button__width-75\"><a class=\"wp-block-button__link has-vivid-cyan-blue-to-vivid-purple-gradient-background has-background\" href=\"\" style=\"border-radius:8px\" target=\"_blank\" rel=\"noreferrer noopener\">R\u00e9server votre table<\/a><\/div>\n<\/div>\n\n\n\n<div style=\"height:52px\" aria-hidden=\"true\" class=\"wp-block-spacer\"><\/div>\n\n\n\n<p class=\"has-medium-font-size\"><strong>N&#8217;attendez plus pour d\u00e9couvrir la cuisine du chef \u00e9toil\u00e9 japonais Yoshitaka Takayanagi au restaurant La Sc\u00e8ne Th\u00e9l\u00e8me \u00e0 Paris. Une exp\u00e9rience gastronomique inoubliable vous attend !<\/strong><\/p>\n","protected":false},"excerpt":{"rendered":"<p>Qui est Yoshitaka Takayanagi ? Quelle est sa cuisine ? Quels sont ses plats signature ?<\/p>\n","protected":false},"author":1,"featured_media":4790,"comment_status":"closed","ping_status":"closed","sticky":false,"template":"","format":"standard","meta":{"footnotes":""},"categories":[12],"tags":[33,34],"class_list":["post-4770","post","type-post","status-publish","format-standard","has-post-thumbnail","hentry","category-news","tag-chef-etoile-japonais","tag-yoshitaka-takayanagi"],"acf":[],"yoast_head":"<!-- This site is optimized with the Yoast SEO plugin v24.3 - https:\/\/yoast.com\/wordpress\/plugins\/seo\/ -->\n<title>Chef \u00e9toil\u00e9 japonais \u00e0 Paris : Yoshitaka Takayanagi %%sep%% %%sitename%%<\/title>\n<meta name=\"description\" content=\"D\u00e9couvrez le talent du chef \u00e9toil\u00e9 japonais Yoshitaka Takayanagi au restaurant La Sc\u00e8ne Th\u00e9l\u00e8me \u00e0 Paris. Une cuisine raffin\u00e9e et cr\u00e9ative, qui marie les saveurs de la France et du Japon.\" \/>\n<meta name=\"robots\" content=\"index, follow, max-snippet:-1, max-image-preview:large, max-video-preview:-1\" \/>\n<link rel=\"canonical\" href=\"https:\/\/www.lascenetheleme.fr\/en\/decouvrez-le-chef-etoile-japonais-yoshitaka-takayanagi-au-restaurant-la-scene-theleme-a-paris\/\" \/>\n<meta property=\"og:locale\" content=\"en_GB\" \/>\n<meta property=\"og:type\" content=\"article\" \/>\n<meta property=\"og:title\" content=\"Chef \u00e9toil\u00e9 japonais \u00e0 Paris : Yoshitaka Takayanagi %%sep%% %%sitename%%\" \/>\n<meta property=\"og:description\" content=\"D\u00e9couvrez le talent du chef \u00e9toil\u00e9 japonais Yoshitaka Takayanagi au restaurant La Sc\u00e8ne Th\u00e9l\u00e8me \u00e0 Paris. Une cuisine raffin\u00e9e et cr\u00e9ative, qui marie les saveurs de la France et du Japon.\" \/>\n<meta property=\"og:url\" content=\"https:\/\/www.lascenetheleme.fr\/en\/decouvrez-le-chef-etoile-japonais-yoshitaka-takayanagi-au-restaurant-la-scene-theleme-a-paris\/\" \/>\n<meta property=\"og:site_name\" content=\"La Sc\u00e8ne Th\u00e9l\u00e8me\" \/>\n<meta property=\"article:publisher\" content=\"https:\/\/www.facebook.com\/lascenetheleme\" \/>\n<meta property=\"article:published_time\" content=\"2020-05-25T10:09:45+00:00\" \/>\n<meta property=\"article:modified_time\" content=\"2025-02-23T13:05:05+00:00\" \/>\n<meta property=\"og:image\" content=\"https:\/\/www.lascenetheleme.fr\/wp-content\/uploads\/2023\/05\/Yoshi.jpg\" \/>\n\t<meta property=\"og:image:width\" content=\"1600\" \/>\n\t<meta property=\"og:image:height\" content=\"800\" \/>\n\t<meta property=\"og:image:type\" content=\"image\/jpeg\" \/>\n<meta name=\"author\" content=\"La Team Th\u00e9l\u00e8me\" \/>\n<meta name=\"twitter:card\" content=\"summary_large_image\" \/>\n<meta name=\"twitter:label1\" content=\"Written by\" \/>\n\t<meta name=\"twitter:data1\" content=\"La Team Th\u00e9l\u00e8me\" \/>\n\t<meta name=\"twitter:label2\" content=\"Estimated reading time\" \/>\n\t<meta name=\"twitter:data2\" content=\"5 minutes\" \/>\n<script type=\"application\/ld+json\" class=\"yoast-schema-graph\">{\"@context\":\"https:\/\/schema.org\",\"@graph\":[{\"@type\":\"Article\",\"@id\":\"https:\/\/www.lascenetheleme.fr\/en\/decouvrez-le-chef-etoile-japonais-yoshitaka-takayanagi-au-restaurant-la-scene-theleme-a-paris\/#article\",\"isPartOf\":{\"@id\":\"https:\/\/www.lascenetheleme.fr\/en\/decouvrez-le-chef-etoile-japonais-yoshitaka-takayanagi-au-restaurant-la-scene-theleme-a-paris\/\"},\"author\":{\"name\":\"La Team Th\u00e9l\u00e8me\",\"@id\":\"https:\/\/www.lascenetheleme.fr\/#\/schema\/person\/e0e15d79f577501debe5e4665056659b\"},\"headline\":\"D\u00e9couvrez le chef \u00e9toil\u00e9 japonais Yoshitaka Takayanagi au restaurant La Sc\u00e8ne Th\u00e9l\u00e8me \u00e0 Paris\",\"datePublished\":\"2020-05-25T10:09:45+00:00\",\"dateModified\":\"2025-02-23T13:05:05+00:00\",\"mainEntityOfPage\":{\"@id\":\"https:\/\/www.lascenetheleme.fr\/en\/decouvrez-le-chef-etoile-japonais-yoshitaka-takayanagi-au-restaurant-la-scene-theleme-a-paris\/\"},\"wordCount\":768,\"publisher\":{\"@id\":\"https:\/\/www.lascenetheleme.fr\/#organization\"},\"image\":{\"@id\":\"https:\/\/www.lascenetheleme.fr\/en\/decouvrez-le-chef-etoile-japonais-yoshitaka-takayanagi-au-restaurant-la-scene-theleme-a-paris\/#primaryimage\"},\"thumbnailUrl\":\"https:\/\/www.lascenetheleme.fr\/wp-content\/uploads\/2023\/05\/Yoshi.jpg\",\"keywords\":[\"chef \u00e9toil\u00e9 japonais\",\"yoshitaka takayanagi\"],\"articleSection\":[\"News\"],\"inLanguage\":\"en-GB\"},{\"@type\":\"WebPage\",\"@id\":\"https:\/\/www.lascenetheleme.fr\/en\/en\/decouvrez-le-chef-etoile-japonais-yoshitaka-takayanagi-au-restaurant-la-scene-theleme-a-paris\/\",\"url\":\"https:\/\/www.lascenetheleme.fr\/en\/en\/decouvrez-le-chef-etoile-japonais-yoshitaka-takayanagi-au-restaurant-la-scene-theleme-a-paris\/\",\"name\":\"Chef \u00e9toil\u00e9 japonais \u00e0 Paris : Yoshitaka Takayanagi &#8226; La Sc\u00e8ne Th\u00e9l\u00e8me\",\"isPartOf\":{\"@id\":\"https:\/\/www.lascenetheleme.fr\/#website\"},\"primaryImageOfPage\":{\"@id\":\"https:\/\/www.lascenetheleme.fr\/en\/decouvrez-le-chef-etoile-japonais-yoshitaka-takayanagi-au-restaurant-la-scene-theleme-a-paris\/#primaryimage\"},\"image\":{\"@id\":\"https:\/\/www.lascenetheleme.fr\/en\/decouvrez-le-chef-etoile-japonais-yoshitaka-takayanagi-au-restaurant-la-scene-theleme-a-paris\/#primaryimage\"},\"thumbnailUrl\":\"https:\/\/www.lascenetheleme.fr\/wp-content\/uploads\/2023\/05\/Yoshi.jpg\",\"datePublished\":\"2020-05-25T10:09:45+00:00\",\"dateModified\":\"2025-02-23T13:05:05+00:00\",\"description\":\"D\u00e9couvrez le talent du chef \u00e9toil\u00e9 japonais Yoshitaka Takayanagi au restaurant La Sc\u00e8ne Th\u00e9l\u00e8me \u00e0 Paris. Une cuisine raffin\u00e9e et cr\u00e9ative, qui marie les saveurs de la France et du Japon.\",\"breadcrumb\":{\"@id\":\"https:\/\/www.lascenetheleme.fr\/en\/decouvrez-le-chef-etoile-japonais-yoshitaka-takayanagi-au-restaurant-la-scene-theleme-a-paris\/#breadcrumb\"},\"inLanguage\":\"en-GB\",\"potentialAction\":[{\"@type\":\"ReadAction\",\"target\":[\"https:\/\/www.lascenetheleme.fr\/en\/decouvrez-le-chef-etoile-japonais-yoshitaka-takayanagi-au-restaurant-la-scene-theleme-a-paris\/\"]}]},{\"@type\":\"ImageObject\",\"inLanguage\":\"en-GB\",\"@id\":\"https:\/\/www.lascenetheleme.fr\/en\/decouvrez-le-chef-etoile-japonais-yoshitaka-takayanagi-au-restaurant-la-scene-theleme-a-paris\/#primaryimage\",\"url\":\"https:\/\/www.lascenetheleme.fr\/wp-content\/uploads\/2023\/05\/Yoshi.jpg\",\"contentUrl\":\"https:\/\/www.lascenetheleme.fr\/wp-content\/uploads\/2023\/05\/Yoshi.jpg\",\"width\":1600,\"height\":800},{\"@type\":\"BreadcrumbList\",\"@id\":\"https:\/\/www.lascenetheleme.fr\/en\/decouvrez-le-chef-etoile-japonais-yoshitaka-takayanagi-au-restaurant-la-scene-theleme-a-paris\/#breadcrumb\",\"itemListElement\":[{\"@type\":\"ListItem\",\"position\":1,\"name\":\"Homepage\",\"item\":\"https:\/\/www.lascenetheleme.fr\/\"},{\"@type\":\"ListItem\",\"position\":2,\"name\":\"D\u00e9couvrez le chef \u00e9toil\u00e9 japonais Yoshitaka Takayanagi au restaurant La Sc\u00e8ne Th\u00e9l\u00e8me \u00e0 Paris\"}]},{\"@type\":\"WebSite\",\"@id\":\"https:\/\/www.lascenetheleme.fr\/en\/#website\",\"url\":\"https:\/\/www.lascenetheleme.fr\/en\/\",\"name\":\"La Sc\u00e8ne Th\u00e9l\u00e8me\",\"description\":\"\",\"publisher\":{\"@id\":\"https:\/\/www.lascenetheleme.fr\/en\/#organization\"},\"potentialAction\":[{\"@type\":\"SearchAction\",\"target\":{\"@type\":\"EntryPoint\",\"urlTemplate\":\"https:\/\/www.lascenetheleme.fr\/en\/?s={search_term_string}\"},\"query-input\":{\"@type\":\"PropertyValueSpecification\",\"valueRequired\":true,\"valueName\":\"search_term_string\"}}],\"inLanguage\":\"en-GB\"},{\"@type\":\"Organization\",\"@id\":\"https:\/\/www.lascenetheleme.fr\/en\/#organization\",\"name\":\"La Sc\u00e8ne Th\u00e9l\u00e8me\",\"url\":\"https:\/\/www.lascenetheleme.fr\/en\/\",\"logo\":{\"@type\":\"ImageObject\",\"inLanguage\":\"en-GB\",\"@id\":\"https:\/\/www.lascenetheleme.fr\/en\/#\/schema\/logo\/image\/\",\"url\":\"https:\/\/www.lascenetheleme.fr\/wp-content\/uploads\/2022\/09\/picto-thelem.svg\",\"contentUrl\":\"https:\/\/www.lascenetheleme.fr\/wp-content\/uploads\/2022\/09\/picto-thelem.svg\",\"width\":1,\"height\":1,\"caption\":\"La Sc\u00e8ne Th\u00e9l\u00e8me\"},\"image\":{\"@id\":\"https:\/\/www.lascenetheleme.fr\/en\/#\/schema\/logo\/image\/\"},\"sameAs\":[\"https:\/\/www.facebook.com\/lascenetheleme\",\"https:\/\/www.instagram.com\/lascenetheleme\/\",\"https:\/\/www.youtube.com\/channel\/UCbf3sqq557yeXEi24RPp9vg\"]},{\"@type\":\"Person\",\"@id\":\"https:\/\/www.lascenetheleme.fr\/#\/schema\/person\/e0e15d79f577501debe5e4665056659b\",\"name\":\"La Team Th\u00e9l\u00e8me\",\"image\":{\"@type\":\"ImageObject\",\"inLanguage\":\"en-GB\",\"@id\":\"https:\/\/www.lascenetheleme.fr\/#\/schema\/person\/image\/\",\"url\":\"https:\/\/secure.gravatar.com\/avatar\/59d8ac479993d285d671cdd177f3e97f?s=96&d=mm&r=g\",\"contentUrl\":\"https:\/\/secure.gravatar.com\/avatar\/59d8ac479993d285d671cdd177f3e97f?s=96&d=mm&r=g\",\"caption\":\"La Team Th\u00e9l\u00e8me\"},\"sameAs\":[\"https:\/\/php73.dev-rom3.fr\/TLM\"],\"url\":\"https:\/\/www.lascenetheleme.fr\/en\/author\/admin\/\"}]}<\/script>\n<!-- \/ Yoast SEO plugin. -->","yoast_head_json":{"title":"Chef \u00e9toil\u00e9 japonais \u00e0 Paris : Yoshitaka Takayanagi %%sep%% %%sitename%%","description":"D\u00e9couvrez le talent du chef \u00e9toil\u00e9 japonais Yoshitaka Takayanagi au restaurant La Sc\u00e8ne Th\u00e9l\u00e8me \u00e0 Paris. Une cuisine raffin\u00e9e et cr\u00e9ative, qui marie les saveurs de la France et du Japon.","robots":{"index":"index","follow":"follow","max-snippet":"max-snippet:-1","max-image-preview":"max-image-preview:large","max-video-preview":"max-video-preview:-1"},"canonical":"https:\/\/www.lascenetheleme.fr\/en\/decouvrez-le-chef-etoile-japonais-yoshitaka-takayanagi-au-restaurant-la-scene-theleme-a-paris\/","og_locale":"en_GB","og_type":"article","og_title":"Chef \u00e9toil\u00e9 japonais \u00e0 Paris : Yoshitaka Takayanagi %%sep%% %%sitename%%","og_description":"D\u00e9couvrez le talent du chef \u00e9toil\u00e9 japonais Yoshitaka Takayanagi au restaurant La Sc\u00e8ne Th\u00e9l\u00e8me \u00e0 Paris. Une cuisine raffin\u00e9e et cr\u00e9ative, qui marie les saveurs de la France et du Japon.","og_url":"https:\/\/www.lascenetheleme.fr\/en\/decouvrez-le-chef-etoile-japonais-yoshitaka-takayanagi-au-restaurant-la-scene-theleme-a-paris\/","og_site_name":"La Sc\u00e8ne Th\u00e9l\u00e8me","article_publisher":"https:\/\/www.facebook.com\/lascenetheleme","article_published_time":"2020-05-25T10:09:45+00:00","article_modified_time":"2025-02-23T13:05:05+00:00","og_image":[{"width":1600,"height":800,"url":"https:\/\/www.lascenetheleme.fr\/wp-content\/uploads\/2023\/05\/Yoshi.jpg","type":"image\/jpeg"}],"author":"La Team Th\u00e9l\u00e8me","twitter_card":"summary_large_image","twitter_misc":{"Written by":"La Team Th\u00e9l\u00e8me","Estimated reading time":"5 minutes"},"schema":{"@context":"https:\/\/schema.org","@graph":[{"@type":"Article","@id":"https:\/\/www.lascenetheleme.fr\/en\/decouvrez-le-chef-etoile-japonais-yoshitaka-takayanagi-au-restaurant-la-scene-theleme-a-paris\/#article","isPartOf":{"@id":"https:\/\/www.lascenetheleme.fr\/en\/decouvrez-le-chef-etoile-japonais-yoshitaka-takayanagi-au-restaurant-la-scene-theleme-a-paris\/"},"author":{"name":"La Team Th\u00e9l\u00e8me","@id":"https:\/\/www.lascenetheleme.fr\/#\/schema\/person\/e0e15d79f577501debe5e4665056659b"},"headline":"D\u00e9couvrez le chef \u00e9toil\u00e9 japonais Yoshitaka Takayanagi au restaurant La Sc\u00e8ne Th\u00e9l\u00e8me \u00e0 Paris","datePublished":"2020-05-25T10:09:45+00:00","dateModified":"2025-02-23T13:05:05+00:00","mainEntityOfPage":{"@id":"https:\/\/www.lascenetheleme.fr\/en\/decouvrez-le-chef-etoile-japonais-yoshitaka-takayanagi-au-restaurant-la-scene-theleme-a-paris\/"},"wordCount":768,"publisher":{"@id":"https:\/\/www.lascenetheleme.fr\/#organization"},"image":{"@id":"https:\/\/www.lascenetheleme.fr\/en\/decouvrez-le-chef-etoile-japonais-yoshitaka-takayanagi-au-restaurant-la-scene-theleme-a-paris\/#primaryimage"},"thumbnailUrl":"https:\/\/www.lascenetheleme.fr\/wp-content\/uploads\/2023\/05\/Yoshi.jpg","keywords":["chef \u00e9toil\u00e9 japonais","yoshitaka takayanagi"],"articleSection":["News"],"inLanguage":"en-GB"},{"@type":"WebPage","@id":"https:\/\/www.lascenetheleme.fr\/en\/en\/decouvrez-le-chef-etoile-japonais-yoshitaka-takayanagi-au-restaurant-la-scene-theleme-a-paris\/","url":"https:\/\/www.lascenetheleme.fr\/en\/en\/decouvrez-le-chef-etoile-japonais-yoshitaka-takayanagi-au-restaurant-la-scene-theleme-a-paris\/","name":"Chef \u00e9toil\u00e9 japonais \u00e0 Paris : Yoshitaka Takayanagi &#8226; La Sc\u00e8ne Th\u00e9l\u00e8me","isPartOf":{"@id":"https:\/\/www.lascenetheleme.fr\/#website"},"primaryImageOfPage":{"@id":"https:\/\/www.lascenetheleme.fr\/en\/decouvrez-le-chef-etoile-japonais-yoshitaka-takayanagi-au-restaurant-la-scene-theleme-a-paris\/#primaryimage"},"image":{"@id":"https:\/\/www.lascenetheleme.fr\/en\/decouvrez-le-chef-etoile-japonais-yoshitaka-takayanagi-au-restaurant-la-scene-theleme-a-paris\/#primaryimage"},"thumbnailUrl":"https:\/\/www.lascenetheleme.fr\/wp-content\/uploads\/2023\/05\/Yoshi.jpg","datePublished":"2020-05-25T10:09:45+00:00","dateModified":"2025-02-23T13:05:05+00:00","description":"D\u00e9couvrez le talent du chef \u00e9toil\u00e9 japonais Yoshitaka Takayanagi au restaurant La Sc\u00e8ne Th\u00e9l\u00e8me \u00e0 Paris. Une cuisine raffin\u00e9e et cr\u00e9ative, qui marie les saveurs de la France et du Japon.","breadcrumb":{"@id":"https:\/\/www.lascenetheleme.fr\/en\/decouvrez-le-chef-etoile-japonais-yoshitaka-takayanagi-au-restaurant-la-scene-theleme-a-paris\/#breadcrumb"},"inLanguage":"en-GB","potentialAction":[{"@type":"ReadAction","target":["https:\/\/www.lascenetheleme.fr\/en\/decouvrez-le-chef-etoile-japonais-yoshitaka-takayanagi-au-restaurant-la-scene-theleme-a-paris\/"]}]},{"@type":"ImageObject","inLanguage":"en-GB","@id":"https:\/\/www.lascenetheleme.fr\/en\/decouvrez-le-chef-etoile-japonais-yoshitaka-takayanagi-au-restaurant-la-scene-theleme-a-paris\/#primaryimage","url":"https:\/\/www.lascenetheleme.fr\/wp-content\/uploads\/2023\/05\/Yoshi.jpg","contentUrl":"https:\/\/www.lascenetheleme.fr\/wp-content\/uploads\/2023\/05\/Yoshi.jpg","width":1600,"height":800},{"@type":"BreadcrumbList","@id":"https:\/\/www.lascenetheleme.fr\/en\/decouvrez-le-chef-etoile-japonais-yoshitaka-takayanagi-au-restaurant-la-scene-theleme-a-paris\/#breadcrumb","itemListElement":[{"@type":"ListItem","position":1,"name":"Homepage","item":"https:\/\/www.lascenetheleme.fr\/"},{"@type":"ListItem","position":2,"name":"D\u00e9couvrez le chef \u00e9toil\u00e9 japonais Yoshitaka Takayanagi au restaurant La Sc\u00e8ne Th\u00e9l\u00e8me \u00e0 Paris"}]},{"@type":"WebSite","@id":"https:\/\/www.lascenetheleme.fr\/en\/#website","url":"https:\/\/www.lascenetheleme.fr\/en\/","name":"La Sc\u00e8ne Th\u00e9l\u00e8me","description":"","publisher":{"@id":"https:\/\/www.lascenetheleme.fr\/en\/#organization"},"potentialAction":[{"@type":"SearchAction","target":{"@type":"EntryPoint","urlTemplate":"https:\/\/www.lascenetheleme.fr\/en\/?s={search_term_string}"},"query-input":{"@type":"PropertyValueSpecification","valueRequired":true,"valueName":"search_term_string"}}],"inLanguage":"en-GB"},{"@type":"Organization","@id":"https:\/\/www.lascenetheleme.fr\/en\/#organization","name":"La Sc\u00e8ne Th\u00e9l\u00e8me","url":"https:\/\/www.lascenetheleme.fr\/en\/","logo":{"@type":"ImageObject","inLanguage":"en-GB","@id":"https:\/\/www.lascenetheleme.fr\/en\/#\/schema\/logo\/image\/","url":"https:\/\/www.lascenetheleme.fr\/wp-content\/uploads\/2022\/09\/picto-thelem.svg","contentUrl":"https:\/\/www.lascenetheleme.fr\/wp-content\/uploads\/2022\/09\/picto-thelem.svg","width":1,"height":1,"caption":"La Sc\u00e8ne Th\u00e9l\u00e8me"},"image":{"@id":"https:\/\/www.lascenetheleme.fr\/en\/#\/schema\/logo\/image\/"},"sameAs":["https:\/\/www.facebook.com\/lascenetheleme","https:\/\/www.instagram.com\/lascenetheleme\/","https:\/\/www.youtube.com\/channel\/UCbf3sqq557yeXEi24RPp9vg"]},{"@type":"Person","@id":"https:\/\/www.lascenetheleme.fr\/#\/schema\/person\/e0e15d79f577501debe5e4665056659b","name":"La Team Th\u00e9l\u00e8me","image":{"@type":"ImageObject","inLanguage":"en-GB","@id":"https:\/\/www.lascenetheleme.fr\/#\/schema\/person\/image\/","url":"https:\/\/secure.gravatar.com\/avatar\/59d8ac479993d285d671cdd177f3e97f?s=96&d=mm&r=g","contentUrl":"https:\/\/secure.gravatar.com\/avatar\/59d8ac479993d285d671cdd177f3e97f?s=96&d=mm&r=g","caption":"La Team Th\u00e9l\u00e8me"},"sameAs":["https:\/\/php73.dev-rom3.fr\/TLM"],"url":"https:\/\/www.lascenetheleme.fr\/en\/author\/admin\/"}]}},"_links":{"self":[{"href":"https:\/\/www.lascenetheleme.fr\/en\/wp-json\/wp\/v2\/posts\/4770","targetHints":{"allow":["GET"]}}],"collection":[{"href":"https:\/\/www.lascenetheleme.fr\/en\/wp-json\/wp\/v2\/posts"}],"about":[{"href":"https:\/\/www.lascenetheleme.fr\/en\/wp-json\/wp\/v2\/types\/post"}],"author":[{"embeddable":true,"href":"https:\/\/www.lascenetheleme.fr\/en\/wp-json\/wp\/v2\/users\/1"}],"replies":[{"embeddable":true,"href":"https:\/\/www.lascenetheleme.fr\/en\/wp-json\/wp\/v2\/comments?post=4770"}],"version-history":[{"count":19,"href":"https:\/\/www.lascenetheleme.fr\/en\/wp-json\/wp\/v2\/posts\/4770\/revisions"}],"predecessor-version":[{"id":4815,"href":"https:\/\/www.lascenetheleme.fr\/en\/wp-json\/wp\/v2\/posts\/4770\/revisions\/4815"}],"wp:featuredmedia":[{"embeddable":true,"href":"https:\/\/www.lascenetheleme.fr\/en\/wp-json\/wp\/v2\/media\/4790"}],"wp:attachment":[{"href":"https:\/\/www.lascenetheleme.fr\/en\/wp-json\/wp\/v2\/media?parent=4770"}],"wp:term":[{"taxonomy":"category","embeddable":true,"href":"https:\/\/www.lascenetheleme.fr\/en\/wp-json\/wp\/v2\/categories?post=4770"},{"taxonomy":"post_tag","embeddable":true,"href":"https:\/\/www.lascenetheleme.fr\/en\/wp-json\/wp\/v2\/tags?post=4770"}],"curies":[{"name":"wp","href":"https:\/\/api.w.org\/{rel}","templated":true}]}}