{"id":4991,"date":"2026-01-06T16:32:00","date_gmt":"2026-01-06T15:32:00","guid":{"rendered":"https:\/\/www.lascenetheleme.fr\/?p=4991"},"modified":"2026-01-28T06:35:45","modified_gmt":"2026-01-28T05:35:45","slug":"saint-valentin-la-scene-theleme","status":"publish","type":"post","link":"https:\/\/www.lascenetheleme.fr\/en\/saint-valentin-la-scene-theleme\/","title":{"rendered":"Saint-Valentin - D\u00eener romantique \u00e0 Paris"},"content":{"rendered":"\n<h3 class=\"wp-block-heading\">Venez vous r\u00e9galer tout en d\u00e9vorant des yeux votre Valentin ou votre Valentine ! \u00a0Pour la Saint-Valentin, voici le Love menu \u2661\u2661\u00a0\u00a0imagin\u00e9 par notre chef Rudy Langlais \u00e0 l&#8217;occasion de la f\u00eate des amoureux.<\/h3>\n\n\n\n<figure class=\"wp-block-gallery has-nested-images columns-default is-cropped wp-block-gallery-1 is-layout-flex wp-block-gallery-is-layout-flex\">\n<figure class=\"wp-block-image size-large\"><img loading=\"lazy\" decoding=\"async\" width=\"1350\" height=\"1688\" data-id=\"4856\" src=\"https:\/\/www.lascenetheleme.fr\/wp-content\/uploads\/2023\/10\/3.png\" alt=\"\" class=\"wp-image-4856\" srcset=\"https:\/\/www.lascenetheleme.fr\/wp-content\/uploads\/2023\/10\/3.png 1350w, https:\/\/www.lascenetheleme.fr\/wp-content\/uploads\/2023\/10\/3-240x300.png 240w, https:\/\/www.lascenetheleme.fr\/wp-content\/uploads\/2023\/10\/3-819x1024.png 819w, https:\/\/www.lascenetheleme.fr\/wp-content\/uploads\/2023\/10\/3-768x960.png 768w, https:\/\/www.lascenetheleme.fr\/wp-content\/uploads\/2023\/10\/3-1228x1536.png 1228w\" sizes=\"auto, (max-width: 1350px) 100vw, 1350px\" \/><figcaption class=\"wp-element-caption\">Dessert \u00e0 la figue<\/figcaption><\/figure>\n\n\n\n<figure class=\"wp-block-image size-large\"><img loading=\"lazy\" decoding=\"async\" width=\"1080\" height=\"1920\" data-id=\"4962\" src=\"https:\/\/www.lascenetheleme.fr\/wp-content\/uploads\/2024\/01\/Vide\u0301o-Reel-Instagram-Professionnel-Saint-Valentin.jpg\" alt=\"\" class=\"wp-image-4962\" srcset=\"https:\/\/www.lascenetheleme.fr\/wp-content\/uploads\/2024\/01\/Vide\u0301o-Reel-Instagram-Professionnel-Saint-Valentin.jpg 1080w, https:\/\/www.lascenetheleme.fr\/wp-content\/uploads\/2024\/01\/Vide\u0301o-Reel-Instagram-Professionnel-Saint-Valentin-169x300.jpg 169w, https:\/\/www.lascenetheleme.fr\/wp-content\/uploads\/2024\/01\/Vide\u0301o-Reel-Instagram-Professionnel-Saint-Valentin-576x1024.jpg 576w, https:\/\/www.lascenetheleme.fr\/wp-content\/uploads\/2024\/01\/Vide\u0301o-Reel-Instagram-Professionnel-Saint-Valentin-768x1365.jpg 768w, https:\/\/www.lascenetheleme.fr\/wp-content\/uploads\/2024\/01\/Vide\u0301o-Reel-Instagram-Professionnel-Saint-Valentin-864x1536.jpg 864w\" sizes=\"auto, (max-width: 1080px) 100vw, 1080px\" \/><\/figure>\n\n\n\n<figure class=\"wp-block-image size-large\"><img loading=\"lazy\" decoding=\"async\" width=\"1350\" height=\"1688\" data-id=\"4854\" src=\"https:\/\/www.lascenetheleme.fr\/wp-content\/uploads\/2023\/10\/5.png\" alt=\"\" class=\"wp-image-4854\" srcset=\"https:\/\/www.lascenetheleme.fr\/wp-content\/uploads\/2023\/10\/5.png 1350w, https:\/\/www.lascenetheleme.fr\/wp-content\/uploads\/2023\/10\/5-240x300.png 240w, https:\/\/www.lascenetheleme.fr\/wp-content\/uploads\/2023\/10\/5-819x1024.png 819w, https:\/\/www.lascenetheleme.fr\/wp-content\/uploads\/2023\/10\/5-768x960.png 768w, https:\/\/www.lascenetheleme.fr\/wp-content\/uploads\/2023\/10\/5-1228x1536.png 1228w\" sizes=\"auto, (max-width: 1350px) 100vw, 1350px\" \/><figcaption class=\"wp-element-caption\">Homard breton<\/figcaption><\/figure>\n<\/figure>\n\n\n\n<h1 class=\"wp-block-heading\"><strong>\u2661<\/strong> LOVE MENU &#8211; 14.02<\/h1>\n\n\n\n<h4 class=\"wp-block-heading\">Les produits d\u2019exception mis \u00e0 l\u2019honneur par le chef Rudy Langlais : truffe, caviar et bien d\u2019autres surprises. Accords mets &amp; vins propos\u00e9s par \u00c9douard G\u00e9neau, notre chef-sommelier<\/h4>\n\n\n\n<div class=\"wp-block-buttons is-layout-flex wp-block-buttons-is-layout-flex\">\n<div class=\"wp-block-button has-custom-width wp-block-button__width-100 has-custom-font-size booking-toggle is-style-fill has-medium-font-size\"><a class=\"wp-block-button__link has-light-green-cyan-to-vivid-green-cyan-gradient-background has-background wp-element-button\" style=\"border-radius:0px\">R\u00e9server une table<\/a><\/div>\n<\/div>\n\n\n\n<div style=\"height:34px\" aria-hidden=\"true\" class=\"wp-block-spacer\"><\/div>\n\n\n\n<div class=\"wp-block-media-text alignwide is-vertically-aligned-center\"><figure class=\"wp-block-media-text__media\"><img loading=\"lazy\" decoding=\"async\" width=\"576\" height=\"1024\" src=\"https:\/\/www.lascenetheleme.fr\/wp-content\/uploads\/2024\/01\/Vide\u0301o-Reel-Instagram-Professionnel-Saint-Valentin-576x1024.jpg\" alt=\"\" class=\"wp-image-4962 size-full\" srcset=\"https:\/\/www.lascenetheleme.fr\/wp-content\/uploads\/2024\/01\/Vide\u0301o-Reel-Instagram-Professionnel-Saint-Valentin-576x1024.jpg 576w, https:\/\/www.lascenetheleme.fr\/wp-content\/uploads\/2024\/01\/Vide\u0301o-Reel-Instagram-Professionnel-Saint-Valentin-169x300.jpg 169w, https:\/\/www.lascenetheleme.fr\/wp-content\/uploads\/2024\/01\/Vide\u0301o-Reel-Instagram-Professionnel-Saint-Valentin-768x1365.jpg 768w, https:\/\/www.lascenetheleme.fr\/wp-content\/uploads\/2024\/01\/Vide\u0301o-Reel-Instagram-Professionnel-Saint-Valentin-864x1536.jpg 864w, https:\/\/www.lascenetheleme.fr\/wp-content\/uploads\/2024\/01\/Vide\u0301o-Reel-Instagram-Professionnel-Saint-Valentin.jpg 1080w\" sizes=\"auto, (max-width: 576px) 100vw, 576px\" \/><\/figure><div class=\"wp-block-media-text__content\">\n<figure class=\"wp-block-table\"><table><tbody><tr><td><strong><mark style=\"background-color:rgba(0, 0, 0, 0)\" class=\"has-inline-color has-vivid-purple-color\">Love Menu &#8211; <\/mark><\/strong><mark style=\"background-color:rgba(0, 0, 0, 0)\" class=\"has-inline-color has-vivid-purple-color\">6 plats<\/mark><\/td><\/tr><tr><td>210\u20ac par personne<\/td><\/tr><\/tbody><\/table><figcaption class=\"wp-element-caption\"><br><strong>Vous avez envie de passer un moment romantique, intimiste et tr\u00e8s tr\u00e8s gourmand&nbsp;<img decoding=\"async\" src=\"https:\/\/fonts.gstatic.com\/s\/e\/notoemoji\/15.0\/1f60b\/32.png\" alt=\"\ud83d\ude0b\">&nbsp;? R\u00e9servez d\u00e8s \u00e0 pr\u00e9sent votre table pour le 14 f\u00e9vrier \u00e0 La Sc\u00e8ne Th\u00e9l\u00e8me.<\/strong><\/figcaption><\/figure>\n\n\n\n<div class=\"wp-block-buttons is-layout-flex wp-block-buttons-is-layout-flex\">\n<div class=\"wp-block-button has-custom-width wp-block-button__width-100 has-custom-font-size booking-toggle is-style-fill has-small-font-size\"><a class=\"wp-block-button__link has-blush-light-purple-gradient-background has-background wp-element-button\" style=\"border-radius:0px\"> R\u00e9server une table<\/a><\/div>\n<\/div>\n<\/div><\/div>\n\n\n\n<div style=\"height:34px\" aria-hidden=\"true\" class=\"wp-block-spacer\"><\/div>\n\n\n\n<div class=\"wp-block-media-text alignwide\"><figure class=\"wp-block-media-text__media\"><img loading=\"lazy\" decoding=\"async\" width=\"440\" height=\"661\" src=\"https:\/\/www.lascenetheleme.fr\/wp-content\/uploads\/2025\/07\/4-1.jpg\" alt=\"\" class=\"wp-image-5655 size-full\" srcset=\"https:\/\/www.lascenetheleme.fr\/wp-content\/uploads\/2025\/07\/4-1.jpg 440w, https:\/\/www.lascenetheleme.fr\/wp-content\/uploads\/2025\/07\/4-1-200x300.jpg 200w\" sizes=\"auto, (max-width: 440px) 100vw, 440px\" \/><\/figure><div class=\"wp-block-media-text__content\">\n<figure class=\"wp-block-table\"><table><tbody><tr><td><strong><mark style=\"background-color:rgba(0, 0, 0, 0)\" class=\"has-inline-color has-vivid-purple-color\"><mark style=\"background-color:rgba(0, 0, 0, 0)\" class=\"has-inline-color has-vivid-purple-color\">Accords mets &amp; vin Prestige<\/mark><\/mark><\/strong><\/td><\/tr><tr><td>120\u20ac par personne<\/td><\/tr><\/tbody><\/table><figcaption class=\"wp-element-caption\"><br><strong>S\u00e9lection par \u00c9douard G\u00e9neau, chef-sommelier \u00e0 La Sc\u00e8ne Th\u00e9l\u00e8me.<br><\/strong><br><strong>R\u00e9servez d\u00e8s \u00e0 pr\u00e9sent votre table pour le 14 f\u00e9vrier \u00e0 La Sc\u00e8ne Th\u00e9l\u00e8me.<\/strong><\/figcaption><\/figure>\n\n\n\n<div class=\"wp-block-buttons is-layout-flex wp-block-buttons-is-layout-flex\">\n<div class=\"wp-block-button has-custom-width wp-block-button__width-100 has-custom-font-size booking-toggle is-style-fill has-small-font-size\"><a class=\"wp-block-button__link has-blush-light-purple-gradient-background has-background wp-element-button\" style=\"border-radius:0px\"> R\u00e9server une table<\/a><\/div>\n<\/div>\n<\/div><\/div>\n\n\n\n<div style=\"height:34px\" aria-hidden=\"true\" class=\"wp-block-spacer\"><\/div>\n\n\n\n<div class=\"wp-block-media-text alignwide has-media-on-the-right\"><div class=\"wp-block-media-text__content\">\n<figure class=\"wp-block-table\"><table><tbody><tr><td><mark style=\"background-color:rgba(0, 0, 0, 0)\" class=\"has-inline-color has-vivid-purple-color\"><mark style=\"background-color:rgba(0, 0, 0, 0)\" class=\"has-inline-color has-vivid-purple-color\"><strong><mark style=\"background-color:rgba(0, 0, 0, 0)\" class=\"has-inline-color has-vivid-purple-color\"><mark style=\"background-color:rgba(0, 0, 0, 0)\" class=\"has-inline-color has-vivid-purple-color\"><strong><strong><mark style=\"background-color:rgba(0, 0, 0, 0)\" class=\"has-inline-color has-vivid-purple-color\"><strong><mark style=\"background-color:rgba(0, 0, 0, 0)\" class=\"has-inline-color has-vivid-purple-color\"><mark style=\"background-color:rgba(0, 0, 0, 0)\" class=\"has-inline-color has-vivid-purple-color\">Accords mets &amp; vin Classique<\/mark><\/mark><\/strong><\/mark><\/strong><\/strong><\/mark><\/mark><\/strong><\/mark><\/mark><\/td><\/tr><tr><td>95\u20ac par personne<\/td><\/tr><\/tbody><\/table><figcaption class=\"wp-element-caption\"><br><strong>S\u00e9lection par \u00c9douard G\u00e9neau, chef-sommelier \u00e0 La Sc\u00e8ne Th\u00e9l\u00e8me<\/strong>.<\/figcaption><\/figure>\n\n\n\n<div class=\"wp-block-buttons is-layout-flex wp-block-buttons-is-layout-flex\">\n<div class=\"wp-block-button has-custom-width wp-block-button__width-100 has-custom-font-size booking-toggle is-style-fill has-small-font-size\"><a class=\"wp-block-button__link has-luminous-dusk-gradient-background has-background wp-element-button\" style=\"border-radius:0px\"> R\u00e9server une table<\/a><\/div>\n<\/div>\n<\/div><figure class=\"wp-block-media-text__media\"><img loading=\"lazy\" decoding=\"async\" width=\"920\" height=\"1024\" src=\"https:\/\/www.lascenetheleme.fr\/wp-content\/uploads\/2025\/07\/Design-sans-titre-80-920x1024.jpg\" alt=\"\" class=\"wp-image-5625 size-full\" srcset=\"https:\/\/www.lascenetheleme.fr\/wp-content\/uploads\/2025\/07\/Design-sans-titre-80-920x1024.jpg 920w, https:\/\/www.lascenetheleme.fr\/wp-content\/uploads\/2025\/07\/Design-sans-titre-80-269x300.jpg 269w, https:\/\/www.lascenetheleme.fr\/wp-content\/uploads\/2025\/07\/Design-sans-titre-80-768x855.jpg 768w, https:\/\/www.lascenetheleme.fr\/wp-content\/uploads\/2025\/07\/Design-sans-titre-80-1379x1536.jpg 1379w, https:\/\/www.lascenetheleme.fr\/wp-content\/uploads\/2025\/07\/Design-sans-titre-80.jpg 1839w\" sizes=\"auto, (max-width: 920px) 100vw, 920px\" \/><\/figure><\/div>\n\n\n\n<div style=\"height:34px\" aria-hidden=\"true\" class=\"wp-block-spacer\"><\/div>\n\n\n\n<hr class=\"wp-block-separator has-text-color has-light-green-cyan-color has-alpha-channel-opacity has-light-green-cyan-background-color has-background is-style-dots\"\/>\n\n\n\n<figure class=\"wp-block-gallery has-nested-images columns-default is-cropped wp-block-gallery-2 is-layout-flex wp-block-gallery-is-layout-flex\">\n<figure class=\"wp-block-image size-large\"><img loading=\"lazy\" decoding=\"async\" width=\"1350\" height=\"1688\" data-id=\"4857\" src=\"https:\/\/www.lascenetheleme.fr\/wp-content\/uploads\/2023\/10\/2.png\" alt=\"\" class=\"wp-image-4857\" srcset=\"https:\/\/www.lascenetheleme.fr\/wp-content\/uploads\/2023\/10\/2.png 1350w, https:\/\/www.lascenetheleme.fr\/wp-content\/uploads\/2023\/10\/2-240x300.png 240w, https:\/\/www.lascenetheleme.fr\/wp-content\/uploads\/2023\/10\/2-819x1024.png 819w, https:\/\/www.lascenetheleme.fr\/wp-content\/uploads\/2023\/10\/2-768x960.png 768w, https:\/\/www.lascenetheleme.fr\/wp-content\/uploads\/2023\/10\/2-1228x1536.png 1228w\" sizes=\"auto, (max-width: 1350px) 100vw, 1350px\" \/><figcaption class=\"wp-element-caption\">Amuse-bouche \u00e0 l&#8217;anguille<\/figcaption><\/figure>\n\n\n\n<figure class=\"wp-block-image size-large\"><img loading=\"lazy\" decoding=\"async\" width=\"1350\" height=\"1688\" data-id=\"4856\" src=\"https:\/\/www.lascenetheleme.fr\/wp-content\/uploads\/2023\/10\/3.png\" alt=\"\" class=\"wp-image-4856\" srcset=\"https:\/\/www.lascenetheleme.fr\/wp-content\/uploads\/2023\/10\/3.png 1350w, https:\/\/www.lascenetheleme.fr\/wp-content\/uploads\/2023\/10\/3-240x300.png 240w, https:\/\/www.lascenetheleme.fr\/wp-content\/uploads\/2023\/10\/3-819x1024.png 819w, https:\/\/www.lascenetheleme.fr\/wp-content\/uploads\/2023\/10\/3-768x960.png 768w, https:\/\/www.lascenetheleme.fr\/wp-content\/uploads\/2023\/10\/3-1228x1536.png 1228w\" sizes=\"auto, (max-width: 1350px) 100vw, 1350px\" \/><figcaption class=\"wp-element-caption\">Dessert \u00e0 la figue<\/figcaption><\/figure>\n\n\n\n<figure class=\"wp-block-image size-large\"><img loading=\"lazy\" decoding=\"async\" width=\"1350\" height=\"1688\" data-id=\"4855\" src=\"https:\/\/www.lascenetheleme.fr\/wp-content\/uploads\/2023\/10\/4.png\" alt=\"\" class=\"wp-image-4855\" srcset=\"https:\/\/www.lascenetheleme.fr\/wp-content\/uploads\/2023\/10\/4.png 1350w, https:\/\/www.lascenetheleme.fr\/wp-content\/uploads\/2023\/10\/4-240x300.png 240w, https:\/\/www.lascenetheleme.fr\/wp-content\/uploads\/2023\/10\/4-819x1024.png 819w, https:\/\/www.lascenetheleme.fr\/wp-content\/uploads\/2023\/10\/4-768x960.png 768w, https:\/\/www.lascenetheleme.fr\/wp-content\/uploads\/2023\/10\/4-1228x1536.png 1228w\" sizes=\"auto, (max-width: 1350px) 100vw, 1350px\" \/><figcaption class=\"wp-element-caption\">Pigeon r\u00f4ti<\/figcaption><\/figure>\n\n\n\n<figure class=\"wp-block-image size-large\"><img loading=\"lazy\" decoding=\"async\" width=\"819\" height=\"1024\" data-id=\"4921\" src=\"https:\/\/www.lascenetheleme.fr\/wp-content\/uploads\/2023\/12\/1-819x1024.jpg\" alt=\"\" class=\"wp-image-4921\" srcset=\"https:\/\/www.lascenetheleme.fr\/wp-content\/uploads\/2023\/12\/1-819x1024.jpg 819w, https:\/\/www.lascenetheleme.fr\/wp-content\/uploads\/2023\/12\/1-240x300.jpg 240w, https:\/\/www.lascenetheleme.fr\/wp-content\/uploads\/2023\/12\/1-768x960.jpg 768w, https:\/\/www.lascenetheleme.fr\/wp-content\/uploads\/2023\/12\/1-1228x1536.jpg 1228w, https:\/\/www.lascenetheleme.fr\/wp-content\/uploads\/2023\/12\/1.jpg 1350w\" sizes=\"auto, (max-width: 819px) 100vw, 819px\" \/><figcaption class=\"wp-element-caption\">Suspensions du plasticien Johnny Lebigot<\/figcaption><\/figure>\n\n\n\n<figure class=\"wp-block-image size-large\"><img loading=\"lazy\" decoding=\"async\" width=\"1350\" height=\"1688\" data-id=\"4854\" src=\"https:\/\/www.lascenetheleme.fr\/wp-content\/uploads\/2023\/10\/5.png\" alt=\"\" class=\"wp-image-4854\" srcset=\"https:\/\/www.lascenetheleme.fr\/wp-content\/uploads\/2023\/10\/5.png 1350w, https:\/\/www.lascenetheleme.fr\/wp-content\/uploads\/2023\/10\/5-240x300.png 240w, https:\/\/www.lascenetheleme.fr\/wp-content\/uploads\/2023\/10\/5-819x1024.png 819w, https:\/\/www.lascenetheleme.fr\/wp-content\/uploads\/2023\/10\/5-768x960.png 768w, https:\/\/www.lascenetheleme.fr\/wp-content\/uploads\/2023\/10\/5-1228x1536.png 1228w\" sizes=\"auto, (max-width: 1350px) 100vw, 1350px\" \/><figcaption class=\"wp-element-caption\">Homard breton<\/figcaption><\/figure>\n\n\n\n<figure class=\"wp-block-image size-large\"><img loading=\"lazy\" decoding=\"async\" width=\"1350\" height=\"1688\" data-id=\"4846\" src=\"https:\/\/www.lascenetheleme.fr\/wp-content\/uploads\/2023\/10\/13.png\" alt=\"\" class=\"wp-image-4846\" srcset=\"https:\/\/www.lascenetheleme.fr\/wp-content\/uploads\/2023\/10\/13.png 1350w, https:\/\/www.lascenetheleme.fr\/wp-content\/uploads\/2023\/10\/13-240x300.png 240w, https:\/\/www.lascenetheleme.fr\/wp-content\/uploads\/2023\/10\/13-819x1024.png 819w, https:\/\/www.lascenetheleme.fr\/wp-content\/uploads\/2023\/10\/13-768x960.png 768w, https:\/\/www.lascenetheleme.fr\/wp-content\/uploads\/2023\/10\/13-1228x1536.png 1228w\" sizes=\"auto, (max-width: 1350px) 100vw, 1350px\" \/><figcaption class=\"wp-element-caption\">P\u00eache de nos c\u00f4tes<\/figcaption><\/figure>\n\n\n\n<figure class=\"wp-block-image size-large\"><img loading=\"lazy\" decoding=\"async\" width=\"1350\" height=\"1688\" data-id=\"4847\" src=\"https:\/\/www.lascenetheleme.fr\/wp-content\/uploads\/2023\/10\/12.png\" alt=\"\" class=\"wp-image-4847\" srcset=\"https:\/\/www.lascenetheleme.fr\/wp-content\/uploads\/2023\/10\/12.png 1350w, https:\/\/www.lascenetheleme.fr\/wp-content\/uploads\/2023\/10\/12-240x300.png 240w, https:\/\/www.lascenetheleme.fr\/wp-content\/uploads\/2023\/10\/12-819x1024.png 819w, https:\/\/www.lascenetheleme.fr\/wp-content\/uploads\/2023\/10\/12-768x960.png 768w, https:\/\/www.lascenetheleme.fr\/wp-content\/uploads\/2023\/10\/12-1228x1536.png 1228w\" sizes=\"auto, (max-width: 1350px) 100vw, 1350px\" \/><figcaption class=\"wp-element-caption\">Pavlova aux agrumes<\/figcaption><\/figure>\n\n\n\n<figure class=\"wp-block-image size-large\"><img loading=\"lazy\" decoding=\"async\" width=\"1350\" height=\"1688\" data-id=\"4851\" src=\"https:\/\/www.lascenetheleme.fr\/wp-content\/uploads\/2023\/10\/8.png\" alt=\"\" class=\"wp-image-4851\" srcset=\"https:\/\/www.lascenetheleme.fr\/wp-content\/uploads\/2023\/10\/8.png 1350w, https:\/\/www.lascenetheleme.fr\/wp-content\/uploads\/2023\/10\/8-240x300.png 240w, https:\/\/www.lascenetheleme.fr\/wp-content\/uploads\/2023\/10\/8-819x1024.png 819w, https:\/\/www.lascenetheleme.fr\/wp-content\/uploads\/2023\/10\/8-768x960.png 768w, https:\/\/www.lascenetheleme.fr\/wp-content\/uploads\/2023\/10\/8-1228x1536.png 1228w\" sizes=\"auto, (max-width: 1350px) 100vw, 1350px\" \/><figcaption class=\"wp-element-caption\">Tartelette v\u00e9g\u00e9tale<\/figcaption><\/figure>\n\n\n\n<figure class=\"wp-block-image size-large\"><img loading=\"lazy\" decoding=\"async\" width=\"1350\" height=\"1688\" data-id=\"4920\" src=\"https:\/\/www.lascenetheleme.fr\/wp-content\/uploads\/2023\/12\/2.jpg\" alt=\"\" class=\"wp-image-4920\" srcset=\"https:\/\/www.lascenetheleme.fr\/wp-content\/uploads\/2023\/12\/2.jpg 1350w, https:\/\/www.lascenetheleme.fr\/wp-content\/uploads\/2023\/12\/2-240x300.jpg 240w, https:\/\/www.lascenetheleme.fr\/wp-content\/uploads\/2023\/12\/2-819x1024.jpg 819w, https:\/\/www.lascenetheleme.fr\/wp-content\/uploads\/2023\/12\/2-768x960.jpg 768w, https:\/\/www.lascenetheleme.fr\/wp-content\/uploads\/2023\/12\/2-1228x1536.jpg 1228w\" sizes=\"auto, (max-width: 1350px) 100vw, 1350px\" \/><figcaption class=\"wp-element-caption\">Suspensions du plasticien Johnny Lebigot<\/figcaption><\/figure>\n<\/figure>\n\n\n\n<hr class=\"wp-block-separator has-text-color has-light-green-cyan-color has-alpha-channel-opacity has-light-green-cyan-background-color has-background is-style-dots\"\/>\n\n\n\n<div class=\"wp-block-media-text alignwide is-stacked-on-mobile\"><figure class=\"wp-block-media-text__media\"><video controls src=\"https:\/\/www.lascenetheleme.fr\/wp-content\/uploads\/2023\/12\/SaveInsta.App-3229506190490766537_1416323715.mp4\"><\/video><\/figure><div class=\"wp-block-media-text__content\">\n<p>Un petit aper\u00e7u d&#8217;un d\u00eener \u00e9toil\u00e9 \u00e0 deux pas de l\u2019Arc de Triomphe \u00e0&nbsp;<a href=\"https:\/\/www.instagram.com\/lascenetheleme\/?hl=fr\">@lascenetheleme<\/a>&nbsp;. \ud83d\udc9b\ud83d\ude0d<\/p>\n\n\n\n<p>Ici, Alice a d\u00e9gust\u00e9 un menu d\u00e9couverte d\u2019inspiration japonaise en 5 actes dans lequel on retrouve les plats \u00e9l\u00e9gants et modernes du chef&nbsp;<a href=\"https:\/\/www.instagram.com\/yoshitakatakayanagi\/?hl=fr\">@yoshitakatakayanagi<\/a>&nbsp;\ud83c\udf3f<\/p>\n\n\n\n<p>(Petites bouch\u00e9es , Amuse-bouche, Entr\u00e9e, Plat, Pre-dessert, Dessert,Mignardises)<\/p>\n<\/div><\/div>\n\n\n\n<hr class=\"wp-block-separator has-text-color has-light-green-cyan-color has-alpha-channel-opacity has-light-green-cyan-background-color has-background is-style-dots\"\/>\n\n\n\n<div class=\"wp-block-media-text alignwide is-stacked-on-mobile\"><figure class=\"wp-block-media-text__media\"><video controls src=\"https:\/\/www.lascenetheleme.fr\/wp-content\/uploads\/2023\/12\/SaveInsta.App-3247397406335101328_3296469968.mp4\"><\/video><\/figure><div class=\"wp-block-media-text__content\">\n<p>Test\u00e9 et appr\u00e9ci\u00e9 par&nbsp;<a href=\"https:\/\/www.instagram.com\/le_couteau\/?hl=fr\">@le_couteau<\/a>&nbsp;\ud83d\udc9b<br>Une belle rencontre avec qui nous avons eu le grand plaisir de partager notre passion \u00e0 la&nbsp;<a href=\"https:\/\/www.instagram.com\/lascenetheleme\/?hl=fr\">@lascenetheleme<\/a><br><a href=\"https:\/\/www.instagram.com\/explore\/tags\/lascenetheleme\/?hl=fr\">#lascenetheleme<\/a>&nbsp;<a href=\"https:\/\/www.instagram.com\/explore\/tags\/michelinstar\/?hl=fr\">#michelinstar<\/a>&nbsp;<a href=\"https:\/\/www.instagram.com\/explore\/tags\/restaurantparis\/?hl=fr\">#restaurantparis<\/a><\/p>\n<\/div><\/div>\n","protected":false},"excerpt":{"rendered":"<p>Venez vous r\u00e9galer tout en d\u00e9vorant des yeux votre Valentin ou votre Valentine !  Pour la Saint-Valentin, voici le Love menu \u2661  imagin\u00e9 par notre chef Rudy Langlais \u00e0 l\u2019occasion de la f\u00eate des amoureux.<\/p>\n","protected":false},"author":1,"featured_media":5986,"comment_status":"closed","ping_status":"closed","sticky":false,"template":"","format":"standard","meta":{"footnotes":""},"categories":[12],"tags":[],"class_list":["post-4991","post","type-post","status-publish","format-standard","has-post-thumbnail","hentry","category-news"],"acf":[],"yoast_head":"<!-- This site is optimized with the Yoast SEO plugin v24.3 - https:\/\/yoast.com\/wordpress\/plugins\/seo\/ -->\n<title>Saint-Valentin - D\u00eener romantique \u00e0 Paris<\/title>\n<meta name=\"description\" content=\"Venez vous r\u00e9galer tout en d\u00e9vorant des yeux votre Valentin ou votre Valentine ! Pour la Saint-Valentin, voici le Love menu \u2661 imagin\u00e9 par notre chef Rudy Langlais \u00e0 l\u2019occasion de la f\u00eate des amoureux.\" \/>\n<meta name=\"robots\" content=\"index, follow, max-snippet:-1, max-image-preview:large, max-video-preview:-1\" \/>\n<link rel=\"canonical\" href=\"https:\/\/www.lascenetheleme.fr\/en\/saint-valentin-la-scene-theleme\/\" \/>\n<meta property=\"og:locale\" content=\"en_GB\" \/>\n<meta property=\"og:type\" content=\"article\" \/>\n<meta property=\"og:title\" content=\"Saint-Valentin - D\u00eener romantique \u00e0 Paris\" \/>\n<meta property=\"og:description\" content=\"Venez vous r\u00e9galer tout en d\u00e9vorant des yeux votre Valentin ou votre Valentine ! Pour la Saint-Valentin, voici le Love menu \u2661 imagin\u00e9 par notre chef Rudy Langlais \u00e0 l\u2019occasion de la f\u00eate des amoureux.\" \/>\n<meta property=\"og:url\" content=\"https:\/\/www.lascenetheleme.fr\/en\/saint-valentin-la-scene-theleme\/\" \/>\n<meta property=\"og:site_name\" content=\"La Sc\u00e8ne Th\u00e9l\u00e8me\" \/>\n<meta property=\"article:publisher\" content=\"https:\/\/www.facebook.com\/lascenetheleme\" \/>\n<meta property=\"article:published_time\" content=\"2026-01-06T15:32:00+00:00\" \/>\n<meta property=\"article:modified_time\" content=\"2026-01-28T05:35:45+00:00\" \/>\n<meta property=\"og:image\" content=\"https:\/\/www.lascenetheleme.fr\/wp-content\/uploads\/2026\/01\/Rosa-Foto-Valentinstag-Liebeserklarung-Fett-Gedruckt-Auffallig-Retro-Instagram-Beitrag-1600-x-800-px.jpg\" \/>\n\t<meta property=\"og:image:width\" content=\"1600\" \/>\n\t<meta property=\"og:image:height\" content=\"800\" \/>\n\t<meta property=\"og:image:type\" content=\"image\/jpeg\" \/>\n<meta name=\"author\" content=\"La Team Th\u00e9l\u00e8me\" \/>\n<meta name=\"twitter:card\" content=\"summary_large_image\" \/>\n<meta name=\"twitter:label1\" content=\"Written by\" \/>\n\t<meta name=\"twitter:data1\" content=\"La Team Th\u00e9l\u00e8me\" \/>\n\t<meta name=\"twitter:label2\" content=\"Estimated reading time\" \/>\n\t<meta name=\"twitter:data2\" content=\"5 minutes\" \/>\n<script type=\"application\/ld+json\" class=\"yoast-schema-graph\">{\"@context\":\"https:\/\/schema.org\",\"@graph\":[{\"@type\":\"Article\",\"@id\":\"https:\/\/www.lascenetheleme.fr\/en\/saint-valentin-la-scene-theleme\/#article\",\"isPartOf\":{\"@id\":\"https:\/\/www.lascenetheleme.fr\/en\/saint-valentin-la-scene-theleme\/\"},\"author\":{\"name\":\"La Team Th\u00e9l\u00e8me\",\"@id\":\"https:\/\/www.lascenetheleme.fr\/#\/schema\/person\/e0e15d79f577501debe5e4665056659b\"},\"headline\":\"Saint-Valentin - D\u00eener romantique \u00e0 Paris\",\"datePublished\":\"2026-01-06T15:32:00+00:00\",\"dateModified\":\"2026-01-28T05:35:45+00:00\",\"mainEntityOfPage\":{\"@id\":\"https:\/\/www.lascenetheleme.fr\/en\/saint-valentin-la-scene-theleme\/\"},\"wordCount\":317,\"publisher\":{\"@id\":\"https:\/\/www.lascenetheleme.fr\/#organization\"},\"image\":{\"@id\":\"https:\/\/www.lascenetheleme.fr\/en\/saint-valentin-la-scene-theleme\/#primaryimage\"},\"thumbnailUrl\":\"https:\/\/www.lascenetheleme.fr\/wp-content\/uploads\/2026\/01\/Rosa-Foto-Valentinstag-Liebeserklarung-Fett-Gedruckt-Auffallig-Retro-Instagram-Beitrag-1600-x-800-px.jpg\",\"articleSection\":[\"News\"],\"inLanguage\":\"en-GB\"},{\"@type\":\"WebPage\",\"@id\":\"https:\/\/www.lascenetheleme.fr\/en\/en\/saint-valentin-la-scene-theleme\/\",\"url\":\"https:\/\/www.lascenetheleme.fr\/en\/en\/saint-valentin-la-scene-theleme\/\",\"name\":\"Saint-Valentin - D\u00eener romantique \u00e0 Paris &#8226; La Sc\u00e8ne Th\u00e9l\u00e8me\",\"isPartOf\":{\"@id\":\"https:\/\/www.lascenetheleme.fr\/#website\"},\"primaryImageOfPage\":{\"@id\":\"https:\/\/www.lascenetheleme.fr\/en\/saint-valentin-la-scene-theleme\/#primaryimage\"},\"image\":{\"@id\":\"https:\/\/www.lascenetheleme.fr\/en\/saint-valentin-la-scene-theleme\/#primaryimage\"},\"thumbnailUrl\":\"https:\/\/www.lascenetheleme.fr\/wp-content\/uploads\/2026\/01\/Rosa-Foto-Valentinstag-Liebeserklarung-Fett-Gedruckt-Auffallig-Retro-Instagram-Beitrag-1600-x-800-px.jpg\",\"datePublished\":\"2026-01-06T15:32:00+00:00\",\"dateModified\":\"2026-01-28T05:35:45+00:00\",\"breadcrumb\":{\"@id\":\"https:\/\/www.lascenetheleme.fr\/en\/saint-valentin-la-scene-theleme\/#breadcrumb\"},\"inLanguage\":\"en-GB\",\"potentialAction\":[{\"@type\":\"ReadAction\",\"target\":[\"https:\/\/www.lascenetheleme.fr\/en\/saint-valentin-la-scene-theleme\/\"]}]},{\"@type\":\"ImageObject\",\"inLanguage\":\"en-GB\",\"@id\":\"https:\/\/www.lascenetheleme.fr\/en\/saint-valentin-la-scene-theleme\/#primaryimage\",\"url\":\"https:\/\/www.lascenetheleme.fr\/wp-content\/uploads\/2026\/01\/Rosa-Foto-Valentinstag-Liebeserklarung-Fett-Gedruckt-Auffallig-Retro-Instagram-Beitrag-1600-x-800-px.jpg\",\"contentUrl\":\"https:\/\/www.lascenetheleme.fr\/wp-content\/uploads\/2026\/01\/Rosa-Foto-Valentinstag-Liebeserklarung-Fett-Gedruckt-Auffallig-Retro-Instagram-Beitrag-1600-x-800-px.jpg\",\"width\":1600,\"height\":800},{\"@type\":\"BreadcrumbList\",\"@id\":\"https:\/\/www.lascenetheleme.fr\/en\/saint-valentin-la-scene-theleme\/#breadcrumb\",\"itemListElement\":[{\"@type\":\"ListItem\",\"position\":1,\"name\":\"Homepage\",\"item\":\"https:\/\/www.lascenetheleme.fr\/\"},{\"@type\":\"ListItem\",\"position\":2,\"name\":\"Saint-Valentin - D\u00eener romantique \u00e0 Paris\"}]},{\"@type\":\"WebSite\",\"@id\":\"https:\/\/www.lascenetheleme.fr\/en\/#website\",\"url\":\"https:\/\/www.lascenetheleme.fr\/en\/\",\"name\":\"La Sc\u00e8ne Th\u00e9l\u00e8me\",\"description\":\"\",\"publisher\":{\"@id\":\"https:\/\/www.lascenetheleme.fr\/en\/#organization\"},\"potentialAction\":[{\"@type\":\"SearchAction\",\"target\":{\"@type\":\"EntryPoint\",\"urlTemplate\":\"https:\/\/www.lascenetheleme.fr\/en\/?s={search_term_string}\"},\"query-input\":{\"@type\":\"PropertyValueSpecification\",\"valueRequired\":true,\"valueName\":\"search_term_string\"}}],\"inLanguage\":\"en-GB\"},{\"@type\":\"Organization\",\"@id\":\"https:\/\/www.lascenetheleme.fr\/en\/#organization\",\"name\":\"La Sc\u00e8ne Th\u00e9l\u00e8me\",\"url\":\"https:\/\/www.lascenetheleme.fr\/en\/\",\"logo\":{\"@type\":\"ImageObject\",\"inLanguage\":\"en-GB\",\"@id\":\"https:\/\/www.lascenetheleme.fr\/en\/#\/schema\/logo\/image\/\",\"url\":\"https:\/\/www.lascenetheleme.fr\/wp-content\/uploads\/2022\/09\/picto-thelem.svg\",\"contentUrl\":\"https:\/\/www.lascenetheleme.fr\/wp-content\/uploads\/2022\/09\/picto-thelem.svg\",\"width\":1,\"height\":1,\"caption\":\"La Sc\u00e8ne Th\u00e9l\u00e8me\"},\"image\":{\"@id\":\"https:\/\/www.lascenetheleme.fr\/en\/#\/schema\/logo\/image\/\"},\"sameAs\":[\"https:\/\/www.facebook.com\/lascenetheleme\",\"https:\/\/www.instagram.com\/lascenetheleme\/\",\"https:\/\/www.youtube.com\/channel\/UCbf3sqq557yeXEi24RPp9vg\"]},{\"@type\":\"Person\",\"@id\":\"https:\/\/www.lascenetheleme.fr\/#\/schema\/person\/e0e15d79f577501debe5e4665056659b\",\"name\":\"La Team Th\u00e9l\u00e8me\",\"image\":{\"@type\":\"ImageObject\",\"inLanguage\":\"en-GB\",\"@id\":\"https:\/\/www.lascenetheleme.fr\/#\/schema\/person\/image\/\",\"url\":\"https:\/\/secure.gravatar.com\/avatar\/59d8ac479993d285d671cdd177f3e97f?s=96&d=mm&r=g\",\"contentUrl\":\"https:\/\/secure.gravatar.com\/avatar\/59d8ac479993d285d671cdd177f3e97f?s=96&d=mm&r=g\",\"caption\":\"La Team Th\u00e9l\u00e8me\"},\"sameAs\":[\"https:\/\/php73.dev-rom3.fr\/TLM\"],\"url\":\"https:\/\/www.lascenetheleme.fr\/en\/author\/admin\/\"}]}<\/script>\n<!-- \/ Yoast SEO plugin. -->","yoast_head_json":{"title":"Saint-Valentin - D\u00eener romantique \u00e0 Paris","description":"Venez vous r\u00e9galer tout en d\u00e9vorant des yeux votre Valentin ou votre Valentine ! Pour la Saint-Valentin, voici le Love menu \u2661 imagin\u00e9 par notre chef Rudy Langlais \u00e0 l\u2019occasion de la f\u00eate des amoureux.","robots":{"index":"index","follow":"follow","max-snippet":"max-snippet:-1","max-image-preview":"max-image-preview:large","max-video-preview":"max-video-preview:-1"},"canonical":"https:\/\/www.lascenetheleme.fr\/en\/saint-valentin-la-scene-theleme\/","og_locale":"en_GB","og_type":"article","og_title":"Saint-Valentin - D\u00eener romantique \u00e0 Paris","og_description":"Venez vous r\u00e9galer tout en d\u00e9vorant des yeux votre Valentin ou votre Valentine ! Pour la Saint-Valentin, voici le Love menu \u2661 imagin\u00e9 par notre chef Rudy Langlais \u00e0 l\u2019occasion de la f\u00eate des amoureux.","og_url":"https:\/\/www.lascenetheleme.fr\/en\/saint-valentin-la-scene-theleme\/","og_site_name":"La Sc\u00e8ne Th\u00e9l\u00e8me","article_publisher":"https:\/\/www.facebook.com\/lascenetheleme","article_published_time":"2026-01-06T15:32:00+00:00","article_modified_time":"2026-01-28T05:35:45+00:00","og_image":[{"width":1600,"height":800,"url":"https:\/\/www.lascenetheleme.fr\/wp-content\/uploads\/2026\/01\/Rosa-Foto-Valentinstag-Liebeserklarung-Fett-Gedruckt-Auffallig-Retro-Instagram-Beitrag-1600-x-800-px.jpg","type":"image\/jpeg"}],"author":"La Team Th\u00e9l\u00e8me","twitter_card":"summary_large_image","twitter_misc":{"Written by":"La Team Th\u00e9l\u00e8me","Estimated reading time":"5 minutes"},"schema":{"@context":"https:\/\/schema.org","@graph":[{"@type":"Article","@id":"https:\/\/www.lascenetheleme.fr\/en\/saint-valentin-la-scene-theleme\/#article","isPartOf":{"@id":"https:\/\/www.lascenetheleme.fr\/en\/saint-valentin-la-scene-theleme\/"},"author":{"name":"La Team Th\u00e9l\u00e8me","@id":"https:\/\/www.lascenetheleme.fr\/#\/schema\/person\/e0e15d79f577501debe5e4665056659b"},"headline":"Saint-Valentin - D\u00eener romantique \u00e0 Paris","datePublished":"2026-01-06T15:32:00+00:00","dateModified":"2026-01-28T05:35:45+00:00","mainEntityOfPage":{"@id":"https:\/\/www.lascenetheleme.fr\/en\/saint-valentin-la-scene-theleme\/"},"wordCount":317,"publisher":{"@id":"https:\/\/www.lascenetheleme.fr\/#organization"},"image":{"@id":"https:\/\/www.lascenetheleme.fr\/en\/saint-valentin-la-scene-theleme\/#primaryimage"},"thumbnailUrl":"https:\/\/www.lascenetheleme.fr\/wp-content\/uploads\/2026\/01\/Rosa-Foto-Valentinstag-Liebeserklarung-Fett-Gedruckt-Auffallig-Retro-Instagram-Beitrag-1600-x-800-px.jpg","articleSection":["News"],"inLanguage":"en-GB"},{"@type":"WebPage","@id":"https:\/\/www.lascenetheleme.fr\/en\/en\/saint-valentin-la-scene-theleme\/","url":"https:\/\/www.lascenetheleme.fr\/en\/en\/saint-valentin-la-scene-theleme\/","name":"Saint-Valentin - D\u00eener romantique \u00e0 Paris &#8226; La Sc\u00e8ne Th\u00e9l\u00e8me","isPartOf":{"@id":"https:\/\/www.lascenetheleme.fr\/#website"},"primaryImageOfPage":{"@id":"https:\/\/www.lascenetheleme.fr\/en\/saint-valentin-la-scene-theleme\/#primaryimage"},"image":{"@id":"https:\/\/www.lascenetheleme.fr\/en\/saint-valentin-la-scene-theleme\/#primaryimage"},"thumbnailUrl":"https:\/\/www.lascenetheleme.fr\/wp-content\/uploads\/2026\/01\/Rosa-Foto-Valentinstag-Liebeserklarung-Fett-Gedruckt-Auffallig-Retro-Instagram-Beitrag-1600-x-800-px.jpg","datePublished":"2026-01-06T15:32:00+00:00","dateModified":"2026-01-28T05:35:45+00:00","breadcrumb":{"@id":"https:\/\/www.lascenetheleme.fr\/en\/saint-valentin-la-scene-theleme\/#breadcrumb"},"inLanguage":"en-GB","potentialAction":[{"@type":"ReadAction","target":["https:\/\/www.lascenetheleme.fr\/en\/saint-valentin-la-scene-theleme\/"]}]},{"@type":"ImageObject","inLanguage":"en-GB","@id":"https:\/\/www.lascenetheleme.fr\/en\/saint-valentin-la-scene-theleme\/#primaryimage","url":"https:\/\/www.lascenetheleme.fr\/wp-content\/uploads\/2026\/01\/Rosa-Foto-Valentinstag-Liebeserklarung-Fett-Gedruckt-Auffallig-Retro-Instagram-Beitrag-1600-x-800-px.jpg","contentUrl":"https:\/\/www.lascenetheleme.fr\/wp-content\/uploads\/2026\/01\/Rosa-Foto-Valentinstag-Liebeserklarung-Fett-Gedruckt-Auffallig-Retro-Instagram-Beitrag-1600-x-800-px.jpg","width":1600,"height":800},{"@type":"BreadcrumbList","@id":"https:\/\/www.lascenetheleme.fr\/en\/saint-valentin-la-scene-theleme\/#breadcrumb","itemListElement":[{"@type":"ListItem","position":1,"name":"Homepage","item":"https:\/\/www.lascenetheleme.fr\/"},{"@type":"ListItem","position":2,"name":"Saint-Valentin - D\u00eener romantique \u00e0 Paris"}]},{"@type":"WebSite","@id":"https:\/\/www.lascenetheleme.fr\/en\/#website","url":"https:\/\/www.lascenetheleme.fr\/en\/","name":"La Sc\u00e8ne Th\u00e9l\u00e8me","description":"","publisher":{"@id":"https:\/\/www.lascenetheleme.fr\/en\/#organization"},"potentialAction":[{"@type":"SearchAction","target":{"@type":"EntryPoint","urlTemplate":"https:\/\/www.lascenetheleme.fr\/en\/?s={search_term_string}"},"query-input":{"@type":"PropertyValueSpecification","valueRequired":true,"valueName":"search_term_string"}}],"inLanguage":"en-GB"},{"@type":"Organization","@id":"https:\/\/www.lascenetheleme.fr\/en\/#organization","name":"La Sc\u00e8ne Th\u00e9l\u00e8me","url":"https:\/\/www.lascenetheleme.fr\/en\/","logo":{"@type":"ImageObject","inLanguage":"en-GB","@id":"https:\/\/www.lascenetheleme.fr\/en\/#\/schema\/logo\/image\/","url":"https:\/\/www.lascenetheleme.fr\/wp-content\/uploads\/2022\/09\/picto-thelem.svg","contentUrl":"https:\/\/www.lascenetheleme.fr\/wp-content\/uploads\/2022\/09\/picto-thelem.svg","width":1,"height":1,"caption":"La Sc\u00e8ne Th\u00e9l\u00e8me"},"image":{"@id":"https:\/\/www.lascenetheleme.fr\/en\/#\/schema\/logo\/image\/"},"sameAs":["https:\/\/www.facebook.com\/lascenetheleme","https:\/\/www.instagram.com\/lascenetheleme\/","https:\/\/www.youtube.com\/channel\/UCbf3sqq557yeXEi24RPp9vg"]},{"@type":"Person","@id":"https:\/\/www.lascenetheleme.fr\/#\/schema\/person\/e0e15d79f577501debe5e4665056659b","name":"La Team Th\u00e9l\u00e8me","image":{"@type":"ImageObject","inLanguage":"en-GB","@id":"https:\/\/www.lascenetheleme.fr\/#\/schema\/person\/image\/","url":"https:\/\/secure.gravatar.com\/avatar\/59d8ac479993d285d671cdd177f3e97f?s=96&d=mm&r=g","contentUrl":"https:\/\/secure.gravatar.com\/avatar\/59d8ac479993d285d671cdd177f3e97f?s=96&d=mm&r=g","caption":"La Team Th\u00e9l\u00e8me"},"sameAs":["https:\/\/php73.dev-rom3.fr\/TLM"],"url":"https:\/\/www.lascenetheleme.fr\/en\/author\/admin\/"}]}},"_links":{"self":[{"href":"https:\/\/www.lascenetheleme.fr\/en\/wp-json\/wp\/v2\/posts\/4991","targetHints":{"allow":["GET"]}}],"collection":[{"href":"https:\/\/www.lascenetheleme.fr\/en\/wp-json\/wp\/v2\/posts"}],"about":[{"href":"https:\/\/www.lascenetheleme.fr\/en\/wp-json\/wp\/v2\/types\/post"}],"author":[{"embeddable":true,"href":"https:\/\/www.lascenetheleme.fr\/en\/wp-json\/wp\/v2\/users\/1"}],"replies":[{"embeddable":true,"href":"https:\/\/www.lascenetheleme.fr\/en\/wp-json\/wp\/v2\/comments?post=4991"}],"version-history":[{"count":18,"href":"https:\/\/www.lascenetheleme.fr\/en\/wp-json\/wp\/v2\/posts\/4991\/revisions"}],"predecessor-version":[{"id":5994,"href":"https:\/\/www.lascenetheleme.fr\/en\/wp-json\/wp\/v2\/posts\/4991\/revisions\/5994"}],"wp:featuredmedia":[{"embeddable":true,"href":"https:\/\/www.lascenetheleme.fr\/en\/wp-json\/wp\/v2\/media\/5986"}],"wp:attachment":[{"href":"https:\/\/www.lascenetheleme.fr\/en\/wp-json\/wp\/v2\/media?parent=4991"}],"wp:term":[{"taxonomy":"category","embeddable":true,"href":"https:\/\/www.lascenetheleme.fr\/en\/wp-json\/wp\/v2\/categories?post=4991"},{"taxonomy":"post_tag","embeddable":true,"href":"https:\/\/www.lascenetheleme.fr\/en\/wp-json\/wp\/v2\/tags?post=4991"}],"curies":[{"name":"wp","href":"https:\/\/api.w.org\/{rel}","templated":true}]}}